{"id":179368,"date":"2019-07-20T17:58:34","date_gmt":"2019-07-20T20:58:34","guid":{"rendered":"https:\/\/www.redenoticia.com.br\/noticia\/?p=179368"},"modified":"2019-07-20T17:58:41","modified_gmt":"2019-07-20T20:58:41","slug":"resumo-novela-a-dona-22-07-jose-diz-a-valentina-que-jesus-precisa-deles","status":"publish","type":"post","link":"https:\/\/migracao.redenoticia.com.br\/noticia\/2019\/resumo-novela-a-dona-22-07-jose-diz-a-valentina-que-jesus-precisa-deles\/179368","title":{"rendered":"Resumo novela \u201cA Dona\u201d 22\/07: Jos\u00e9 diz a Valentina que Jesus precisa deles"},"content":{"rendered":"<p><img loading=\"lazy\" decoding=\"async\" class=\"aligncenter size-large wp-image-173633\" src=\"https:\/\/migracao.redenoticia.com.br\/noticia\/imagens\/a-dona-270x300.jpg\" alt=\"\" width=\"270\" height=\"300\" srcset=\"https:\/\/migracao.redenoticia.com.br\/noticia\/imagens\/a-dona-270x300.jpg 270w, https:\/\/migracao.redenoticia.com.br\/noticia\/imagens\/a-dona-168x187.jpg 168w, https:\/\/migracao.redenoticia.com.br\/noticia\/imagens\/a-dona.jpg 380w\" sizes=\"auto, (max-width: 270px) 100vw, 270px\" \/>Resumo da novela <strong><em>\u201cA Dona&#8221;<\/em><\/strong> em 22\/07: no cap\u00edtulo 081(*) da novela, segunda-feira, 22 de julho, Filadelfo pede a Valentina que retorne a seu antigo posto na fazenda, j\u00e1 que n\u00e3o se sente preparado para o posto de capataz. Jos\u00e9 Miguel recrimina sua m\u00e3e por ter contratado Rodrigo, seu pior inimigo, e que seria capaz at\u00e9 de demitir Jo\u00e3o e Teresa justo agora que est\u00e3o com um filho em coma no hospital. Ivana diz a Rodrigo que soube que Valentina o demitiu e que agora trabalhar\u00e1 com os Montesinos. Rodrigo responde que Ivana tamb\u00e9m trabalha para os Montesinos.<\/p>\n<p>Ivana o corrige, dizendo que ela em breve ser\u00e1 a dona. Rodrigo afirma que a \u00fanica dona \u00e9 e sempre ser\u00e1 Valentina. Brenda diz a sua m\u00e3e que Santiaguinho est\u00e1 feliz em conhecer seu pai e espera que Alonso chegue algum dia a amar seu filho. Hor\u00e1cio pede perd\u00e3o a Gabriela por t\u00ea-la deixado plantada e pede outra oportunidade para come\u00e7arem de novo. Gabriela responde que enquanto eles come\u00e7am a tentar uma rela\u00e7\u00e3o, Ivana estaria tranquila, pois saberia que bastaria um sinal com os dedos para que Hor\u00e1cio voltasse correndo pra ela. Hor\u00e1cio responde que Ivana j\u00e1 n\u00e3o mais o interessa. Rodrigo v\u00ea Ivana chorando e a diz que Jos\u00e9 n\u00e3o merece suas l\u00e1grimas.<\/p>\n<p>Ela responde que seria capaz de se matar por Jos\u00e9 Miguel, se fosse preciso. Valentina e Jos\u00e9 Miguel se encontram. Jos\u00e9 diz a Valentina que Jesus precisa deles, e seria muito bom para o menino se ele soubesse que est\u00e3o juntos novamente. Ivana diz a Leonor que est\u00e1 esperando um filho de Jos\u00e9 Miguel e ir\u00e1 dizer isso em alto e bom som a Jos\u00e9, de prefer\u00eancia em frente a Valentina. Leonor pede que ela se contenha e n\u00e3o diga nada at\u00e9 que os resultados dos exames comprovem o seu real estado. Jos\u00e9 Miguel diz a Ivana que sabe dos tratos que ela e sua m\u00e3e tiveram a fim de separ\u00e1-lo de Valentina e exige que ela saia de sua fazenda. Leonor aparece e diz que aquela tamb\u00e9m \u00e9 sua casa, e Ivana \u00e9 bem-vinda. Jos\u00e9 diz que ele ir\u00e1 embora.<\/p>\n<p>(*) edi\u00e7\u00e3o do SBT, Novela \u201cA Dona\u201d, sujeito a altera\u00e7\u00e3o de data e conte\u00fado.<\/p>\n<p>Destaques<\/p>\n<p>&#8220;A Dona&#8221; &#8211; Valentina Vila\u00e7a (Lucero) \u00e9 uma mulher que tem uma grande fortuna, que seus pais deixaram para ela quando morreram em um acidente de carro. Ela tem uma mans\u00e3o na Cidade do M\u00e9xico, onde vive com sua tia Isabel Rangel de Dorantes (Silvia Pinal), e sua prima Ivana Dorantes Rangel (Gabriela Spanic) que trata Valentina com muita indiferen\u00e7a e sente inveja dela.<\/p>\n<p>Tudo muda para Valentina quando seu noivo Alonso Penalva (David Zepeda), tramando com Ivana no dia de seu casamento, a deixa esperando no altar.<\/p>\n","protected":false},"excerpt":{"rendered":"<p>Resumo da novela \u201cA Dona&#8221; em 22\/07: no cap\u00edtulo 081(*) da novela, segunda-feira, 22 de julho, Filadelfo pede a Valentina que retorne a seu antigo posto na fazenda, j\u00e1 que n\u00e3o se sente preparado para o posto de capataz. Jos\u00e9 Miguel recrimina sua m\u00e3e por ter contratado Rodrigo, seu pior inimigo, e que seria capaz [&hellip;]<\/p>\n","protected":false},"author":2,"featured_media":173626,"comment_status":"open","ping_status":"closed","sticky":false,"template":"","format":"standard","meta":{"tdm_status":"","tdm_grid_status":"","footnotes":""},"categories":[379,372,343],"tags":[441],"class_list":{"0":"post-179368","1":"post","2":"type-post","3":"status-publish","4":"format-standard","5":"has-post-thumbnail","7":"category-novelas","8":"category-sbt","9":"category-televisao","10":"tag-resumo-do-dia"},"_links":{"self":[{"href":"https:\/\/migracao.redenoticia.com.br\/noticia\/wp-json\/wp\/v2\/posts\/179368","targetHints":{"allow":["GET"]}}],"collection":[{"href":"https:\/\/migracao.redenoticia.com.br\/noticia\/wp-json\/wp\/v2\/posts"}],"about":[{"href":"https:\/\/migracao.redenoticia.com.br\/noticia\/wp-json\/wp\/v2\/types\/post"}],"author":[{"embeddable":true,"href":"https:\/\/migracao.redenoticia.com.br\/noticia\/wp-json\/wp\/v2\/users\/2"}],"replies":[{"embeddable":true,"href":"https:\/\/migracao.redenoticia.com.br\/noticia\/wp-json\/wp\/v2\/comments?post=179368"}],"version-history":[{"count":0,"href":"https:\/\/migracao.redenoticia.com.br\/noticia\/wp-json\/wp\/v2\/posts\/179368\/revisions"}],"wp:featuredmedia":[{"embeddable":true,"href":"https:\/\/migracao.redenoticia.com.br\/noticia\/wp-json\/wp\/v2\/media\/173626"}],"wp:attachment":[{"href":"https:\/\/migracao.redenoticia.com.br\/noticia\/wp-json\/wp\/v2\/media?parent=179368"}],"wp:term":[{"taxonomy":"category","embeddable":true,"href":"https:\/\/migracao.redenoticia.com.br\/noticia\/wp-json\/wp\/v2\/categories?post=179368"},{"taxonomy":"post_tag","embeddable":true,"href":"https:\/\/migracao.redenoticia.com.br\/noticia\/wp-json\/wp\/v2\/tags?post=179368"}],"curies":[{"name":"wp","href":"https:\/\/api.w.org\/{rel}","templated":true}]}}