{"id":179370,"date":"2019-07-20T18:00:05","date_gmt":"2019-07-20T21:00:05","guid":{"rendered":"https:\/\/www.redenoticia.com.br\/noticia\/?p=179370"},"modified":"2020-05-29T15:26:44","modified_gmt":"2020-05-29T18:26:44","slug":"resumo-novela-a-que-nao-podia-amar-22-07-vanessa-embebeda-rogerio","status":"publish","type":"post","link":"https:\/\/migracao.redenoticia.com.br\/noticia\/2019\/resumo-novela-a-que-nao-podia-amar-22-07-vanessa-embebeda-rogerio\/179370","title":{"rendered":"Resumo novela \u201cA Que N\u00e3o Podia Amar\u201d 22\/07: Vanessa embebeda Rog\u00e9rio"},"content":{"rendered":"<p><strong><em><img loading=\"lazy\" decoding=\"async\" class=\"aligncenter size-large wp-image-173635\" src=\"https:\/\/migracao.redenoticia.com.br\/noticia\/imagens\/a-que-nao-podia-amar-400x271.jpg\" alt=\"\" width=\"400\" height=\"271\" srcset=\"https:\/\/migracao.redenoticia.com.br\/noticia\/imagens\/a-que-nao-podia-amar-400x271.jpg 400w, https:\/\/migracao.redenoticia.com.br\/noticia\/imagens\/a-que-nao-podia-amar-250x169.jpg 250w, https:\/\/migracao.redenoticia.com.br\/noticia\/imagens\/a-que-nao-podia-amar-560x379.jpg 560w, https:\/\/migracao.redenoticia.com.br\/noticia\/imagens\/a-que-nao-podia-amar.jpg 620w\" sizes=\"auto, (max-width: 400px) 100vw, 400px\" \/><\/em><\/strong><\/p>\n<p>Resumo da novela<strong><em> \u201cA Que N\u00e3o Podia Amar\u201d&nbsp;<\/em><\/strong> em 22\/07: no cap\u00edtulo 076(*) da novela, segunda-feira, 22 de julho, Ana Paula conta a Dani que j\u00e1 decidiu o nome do seu beb\u00ea: se for menina se chamar\u00e1 Mariana, como sua m\u00e3e, e se for menino se chamar\u00e1 Frederico, como seu pai. C\u00edntia diz a Elias que n\u00e3o pode permitir que o filho de Ana Paula seja o herdeiro de Rog\u00e9rio. Enquanto isso, o fazendeiro fica feliz ao saber que o beb\u00ea da esposa est\u00e1 fora de perigo. Vanessa procura Rog\u00e9rio para dizer que precisam comemorar que a situa\u00e7\u00e3o do clembuterol se resolveu. Ela ainda conta que foi informada que a associa\u00e7\u00e3o de criadores de gado querem pedir desculpas a ele e querem que o fazendeiro reassuma a presid\u00eancia da associa\u00e7\u00e3o.<\/p>\n<p>Vanessa aproveita para se aproximar de Rog\u00e9rio, e o beija de maneira inesperada. Gustavo conta a Ana Paula que as coisas est\u00e3o come\u00e7ando a se resolver e que ao final da investiga\u00e7\u00e3o \u00e9 certo que o nome de Rog\u00e9rio ficar\u00e1 limpo. Vanessa embebeda Rog\u00e9rio e come\u00e7a a seduzi-lo. Os dois se beijam. Aborrecida pelas circunst\u00e2ncias, Ana diz a Gustavo que decidiu n\u00e3o aceitar Rog\u00e9rio, o irm\u00e3o de Mercedes reage feliz e a abra\u00e7a dizendo que n\u00e3o vai se arrepender, pois ser\u00e1 muito feliz ao seu lado. Ela interrompe, e completa que tamb\u00e9m n\u00e3o aceita voltar para ele.<\/p>\n<p>Vanessa tira a roupa e se deita com Rog\u00e9rio. Rosaura e Bruno t\u00eam uma conversa e ela fica sabendo que foi ele quem mandou matar David. Ele diz que agora ela sabe do que ele \u00e9 capaz de fazer quando algu\u00e9m fica no seu caminho e a adverte para que tenha muito cuidado com o que faz. Vanessa tira uma foto \u00edntima com Rog\u00e9rio sem que ele perceba. Ana Paula pede a Elias para acompanh\u00e1-la at\u00e9 a planta\u00e7\u00e3o de tomates. C\u00edntia ouve a conversa. Rog\u00e9rio se surpreende ao acordar ao lado de Vanessa e se arrepende pelo que aconteceu. Elias diz que pode acompanhar Ana Paula sem problemas. Rog\u00e9rio diz a Vanessa que se apaixonou por Ana Paula e que vai assumir o filho dela, mas a mo\u00e7a tenta convenc\u00ea-lo a reatar com ela.<\/p>\n<p>C\u00edntia ordena a Elias que mantenha dist\u00e2ncia de Ana Paula na viagem e adverte que a cunhada jamais deve saber que Marquinho \u00e9 filho de Rog\u00e9rio. Ulisses volta a questionar M\u00e1rcia sobre os pap\u00e9is de Marquinho. Ela nega que tenha pegado os documentos. Rosaura se oferece para ir \u00e0 planta\u00e7\u00e3o de tomates no lugar dela, mas Ana recusa a proposta. Ernesto diz a Gustavo que autorizou a viagem porque Ana Paula j\u00e1 est\u00e1 bem, caso contr\u00e1rio ele seria o primeiro a impedir. Por outro lado, Ana Paula telefona para Rog\u00e9rio e \u00e9 Vanessa quem atende. A filha de Elza diz que o rapaz est\u00e1 tomando banho e ela atendeu porque est\u00e1 no quarto. Ana Paula fica com ci\u00fames. Elias volta a se aproximar de M\u00e1rcia, astuta, ela diz que aceita reatar o romance com uma condi\u00e7\u00e3o: que ele devolva a carta da m\u00e3e de Marquinho.<\/p>\n<p>Gustavo avisa a C\u00edntia que a press\u00e3o da \u00e1gua come\u00e7a a aumentar a partir desse dia. Hugo passa o telefone de Dani para Vanessa. Gustavo agradece C\u00edntia por deixar de lado o que aconteceu com Ana Paula para se darem melhor. Ela o abra\u00e7a e diz que esta mudan\u00e7a que est\u00e1 vivendo \u00e9 gra\u00e7as a ele. Ana Paula v\u00ea tudo. Muito desconcertada, Daniela conta a Miguel que recebeu uma foto no seu celular e mostra para ele, na imagem aparecem Vanessa e Rog\u00e9rio nus na cama. Ulisses se preocupa com a possibilidade de Rodrigo voltar \u00e0 cidade para assediar Consuelo. Dani diz a Miguel que n\u00e3o deve mostrar a foto para Ana Paula, pois ela poderia ficar mal.<\/p>\n<p>Dani tenta fazer o namorado entender que n\u00e3o devem se intrometer e que Vanessa certamente enviou essa foto com a pior das inten\u00e7\u00f5es. Rog\u00e9rio quer acelerar os tr\u00e2mites para a ado\u00e7\u00e3o de Marquinho. Num restaurante, Vanessa diz a Rog\u00e9rio que desfrutou muito da noite de paix\u00e3o que passaram juntos e o beija, nesse momento chega Maura, a mulher que avalia a ado\u00e7\u00e3o de Marquinho, e se surpreende ao v\u00ea-lo com outra. Ela interrompe e diz que se tinha d\u00favidas sobre a possibilidade dele adotar Marquinho, agora tem certeza de que jamais vai permitir isso.<\/p>\n<p>(*) edi\u00e7\u00e3o do SBT, Novela \u201cA Que N\u00e3o Podia Amar\u201d, sujeito a altera\u00e7\u00e3o de data e conte\u00fado.<\/p>\n<p>Destaques<\/p>\n<p>&#8220;A Que N\u00e3o Podia Amar&#8221;- Ana Paula, uma enfermeira humilde que se v\u00ea obrigada a trabalhar na casa de Rog\u00e9rio Montero (Jorge Salinas), um homem amargurado. Rog\u00e9rio sofre por ser parapl\u00e9gico e destrata todas as pessoas. Ana Paula atura tudo calada e o rica\u00e7o se apaixona por ela.<\/p>\n<p>Ana conhece Gustavo Duran (Jos\u00e9 Ron), um engenheiro nobre e trabalhador. Os dois se apaixonam, mas ter\u00e3o de enfrentar Rog\u00e9rio, j\u00e1 que ele tamb\u00e9m gosta da mocinha, formando assim, um tri\u00e2ngulo amoroso com terr\u00edveis consequ\u00eancias.<\/p>\n","protected":false},"excerpt":{"rendered":"<p>Resumo da novela \u201cA Que N\u00e3o Podia Amar\u201d&nbsp; em 22\/07: no cap\u00edtulo 076(*) da novela, segunda-feira, 22 de julho, Ana Paula conta a Dani que j\u00e1 decidiu o nome do seu beb\u00ea: se for menina se chamar\u00e1 Mariana, como sua m\u00e3e, e se for menino se chamar\u00e1 Frederico, como seu pai. C\u00edntia diz a Elias [&hellip;]<\/p>\n","protected":false},"author":2,"featured_media":173627,"comment_status":"open","ping_status":"closed","sticky":false,"template":"","format":"standard","meta":{"tdm_status":"","tdm_grid_status":"","footnotes":""},"categories":[379,372,343],"tags":[441],"class_list":{"0":"post-179370","1":"post","2":"type-post","3":"status-publish","4":"format-standard","5":"has-post-thumbnail","7":"category-novelas","8":"category-sbt","9":"category-televisao","10":"tag-resumo-do-dia"},"_links":{"self":[{"href":"https:\/\/migracao.redenoticia.com.br\/noticia\/wp-json\/wp\/v2\/posts\/179370","targetHints":{"allow":["GET"]}}],"collection":[{"href":"https:\/\/migracao.redenoticia.com.br\/noticia\/wp-json\/wp\/v2\/posts"}],"about":[{"href":"https:\/\/migracao.redenoticia.com.br\/noticia\/wp-json\/wp\/v2\/types\/post"}],"author":[{"embeddable":true,"href":"https:\/\/migracao.redenoticia.com.br\/noticia\/wp-json\/wp\/v2\/users\/2"}],"replies":[{"embeddable":true,"href":"https:\/\/migracao.redenoticia.com.br\/noticia\/wp-json\/wp\/v2\/comments?post=179370"}],"version-history":[{"count":0,"href":"https:\/\/migracao.redenoticia.com.br\/noticia\/wp-json\/wp\/v2\/posts\/179370\/revisions"}],"wp:featuredmedia":[{"embeddable":true,"href":"https:\/\/migracao.redenoticia.com.br\/noticia\/wp-json\/wp\/v2\/media\/173627"}],"wp:attachment":[{"href":"https:\/\/migracao.redenoticia.com.br\/noticia\/wp-json\/wp\/v2\/media?parent=179370"}],"wp:term":[{"taxonomy":"category","embeddable":true,"href":"https:\/\/migracao.redenoticia.com.br\/noticia\/wp-json\/wp\/v2\/categories?post=179370"},{"taxonomy":"post_tag","embeddable":true,"href":"https:\/\/migracao.redenoticia.com.br\/noticia\/wp-json\/wp\/v2\/tags?post=179370"}],"curies":[{"name":"wp","href":"https:\/\/api.w.org\/{rel}","templated":true}]}}