{"id":179385,"date":"2019-07-26T22:28:44","date_gmt":"2019-07-27T01:28:44","guid":{"rendered":"https:\/\/www.redenoticia.com.br\/noticia\/?p=179385"},"modified":"2019-07-26T23:49:00","modified_gmt":"2019-07-27T02:49:00","slug":"novela-a-dona-do-pedaco-chiclete-encontra-a-arma-de-adao","status":"publish","type":"post","link":"https:\/\/migracao.redenoticia.com.br\/noticia\/2019\/novela-a-dona-do-pedaco-chiclete-encontra-a-arma-de-adao\/179385","title":{"rendered":"Novela \u201cA Dona do Peda\u00e7o\u201d: Chiclete encontra a arma de Ad\u00e3o"},"content":{"rendered":"<p><strong><em><img loading=\"lazy\" decoding=\"async\" class=\"aligncenter size-large wp-image-175348\" src=\"https:\/\/migracao.redenoticia.com.br\/noticia\/imagens\/A-Dona-do-Pedaco-globo-resumo-314x300.jpg\" alt=\"\" width=\"314\" height=\"300\" srcset=\"https:\/\/migracao.redenoticia.com.br\/noticia\/imagens\/A-Dona-do-Pedaco-globo-resumo-314x300.jpg 314w, https:\/\/migracao.redenoticia.com.br\/noticia\/imagens\/A-Dona-do-Pedaco-globo-resumo-196x187.jpg 196w, https:\/\/migracao.redenoticia.com.br\/noticia\/imagens\/A-Dona-do-Pedaco-globo-resumo.jpg 457w\" sizes=\"auto, (max-width: 314px) 100vw, 314px\" \/><\/em><\/strong><\/p>\n<p><strong><em>Novela &#8220;A Dona do Peda\u00e7o\u201d:<\/em><\/strong> Ad\u00e3o (Cesar Ferrario) viaja para S\u00e3o Paulo de avi\u00e3o e deixa sua arma em casa, no Esp\u00edrito Santo. Ele sofre um ataque do cora\u00e7\u00e3o no meio de uma reuni\u00e3o de fam\u00edlia e morre. Chiclete decide buscar as coisas de seu pai e Vivi Guedes (Paolla Oliveira) passa uns dias com Chiclete (S\u00e9rgio Guiz\u00e9) na casa que era de Ad\u00e3o, em Rio Vermelho. Ela tem lembran\u00e7as e fica amargurada, sem entender que ela passou parte de sua inf\u00e2ncia no mesmo im\u00f3vel, antes de ser adotada.<\/p>\n<p>Chiclete encontra o rev\u00f3lver de Ad\u00e3o e decide voltar para S\u00e3o Paulo com ele: \u201cEu sempre vou ter um rev\u00f3lver junto comigo\u201d. Ela quer saber o motivo, chiclete desconversa e Vivi continua: \u201cApesar da emo\u00e7\u00e3o que essa casa me causou, eu percebi tamb\u00e9m que&#8230; No que seu pai trabalhava? Eu n\u00e3o vi sinal de nenhuma atividade, quando a gente se conheceu, em S\u00e3o Paulo, c\u00ea disse que entregava encomenda. Que encomenda?\u201d<\/p>\n<p>Chiclete faz uma promessa: \u201cNa hora certa, c\u00ea vai saber &#8230; Eu vou te contar. Prometo. Mas l\u00e1 em S\u00e3o Paulo. Com tempo. C\u00ea vai saber tudo sobre mim\u201d. Cena prevista para dia 5 de agosto na novela \u201cA Dona do Peda\u00e7o\u201d.<\/p>\n<p>Sinopse \u201cA Dona do Peda\u00e7o\u201d: a novela enaltece a trajet\u00f3ria de Maria da Paz (Juliana Paes), uma jovem humilde, da cidade fict\u00edcia de Rio Vermelho, no Esp\u00edrito Santo. Maria vem de uma fam\u00edlia de justiceiros profissionais, os Ramirez, e se apaixona justamente por Amadeu (Marcos Palmeira), advogado formado em Vit\u00f3ria e membro do cl\u00e3 rival nos neg\u00f3cios, os Matheus. A trama, dividida em um pr\u00f3logo e duas fases, traz uma hist\u00f3ria de amor com elementos \u00e0 Romeu e Julieta, sem perder o humor, que permeia todo o folhetim.<\/p>\n","protected":false},"excerpt":{"rendered":"<p>Novela &#8220;A Dona do Peda\u00e7o\u201d: Ad\u00e3o (Cesar Ferrario) viaja para S\u00e3o Paulo de avi\u00e3o e deixa sua arma em casa, no Esp\u00edrito Santo. Ele sofre um ataque do cora\u00e7\u00e3o no meio de uma reuni\u00e3o de fam\u00edlia e morre. Chiclete decide buscar as coisas de seu pai e Vivi Guedes (Paolla Oliveira) passa uns dias com [&hellip;]<\/p>\n","protected":false},"author":2,"featured_media":177935,"comment_status":"open","ping_status":"closed","sticky":false,"template":"","format":"standard","meta":{"tdm_status":"","tdm_grid_status":"","footnotes":""},"categories":[543,388,379,375,343],"tags":[440],"class_list":{"0":"post-179385","1":"post","2":"type-post","3":"status-publish","4":"format-standard","5":"has-post-thumbnail","7":"category-a-dona-do-pedaco","8":"category-destaques","9":"category-novelas","10":"category-rede-globo","11":"category-televisao","12":"tag-noticia-novela"},"_links":{"self":[{"href":"https:\/\/migracao.redenoticia.com.br\/noticia\/wp-json\/wp\/v2\/posts\/179385","targetHints":{"allow":["GET"]}}],"collection":[{"href":"https:\/\/migracao.redenoticia.com.br\/noticia\/wp-json\/wp\/v2\/posts"}],"about":[{"href":"https:\/\/migracao.redenoticia.com.br\/noticia\/wp-json\/wp\/v2\/types\/post"}],"author":[{"embeddable":true,"href":"https:\/\/migracao.redenoticia.com.br\/noticia\/wp-json\/wp\/v2\/users\/2"}],"replies":[{"embeddable":true,"href":"https:\/\/migracao.redenoticia.com.br\/noticia\/wp-json\/wp\/v2\/comments?post=179385"}],"version-history":[{"count":0,"href":"https:\/\/migracao.redenoticia.com.br\/noticia\/wp-json\/wp\/v2\/posts\/179385\/revisions"}],"wp:featuredmedia":[{"embeddable":true,"href":"https:\/\/migracao.redenoticia.com.br\/noticia\/wp-json\/wp\/v2\/media\/177935"}],"wp:attachment":[{"href":"https:\/\/migracao.redenoticia.com.br\/noticia\/wp-json\/wp\/v2\/media?parent=179385"}],"wp:term":[{"taxonomy":"category","embeddable":true,"href":"https:\/\/migracao.redenoticia.com.br\/noticia\/wp-json\/wp\/v2\/categories?post=179385"},{"taxonomy":"post_tag","embeddable":true,"href":"https:\/\/migracao.redenoticia.com.br\/noticia\/wp-json\/wp\/v2\/tags?post=179385"}],"curies":[{"name":"wp","href":"https:\/\/api.w.org\/{rel}","templated":true}]}}