{"id":179431,"date":"2019-07-22T15:48:34","date_gmt":"2019-07-22T18:48:34","guid":{"rendered":"https:\/\/www.redenoticia.com.br\/noticia\/?p=179431"},"modified":"2019-07-22T15:48:42","modified_gmt":"2019-07-22T18:48:42","slug":"resumo-novela-a-dona-23-07-valentina-pede-perdao-para-jesus","status":"publish","type":"post","link":"https:\/\/migracao.redenoticia.com.br\/noticia\/2019\/resumo-novela-a-dona-23-07-valentina-pede-perdao-para-jesus\/179431","title":{"rendered":"Resumo novela \u201cA Dona\u201d 23\/07: Valentina pede perd\u00e3o para Jesus"},"content":{"rendered":"<p><img loading=\"lazy\" decoding=\"async\" class=\"aligncenter size-large wp-image-173633\" src=\"https:\/\/migracao.redenoticia.com.br\/noticia\/imagens\/a-dona-270x300.jpg\" alt=\"\" width=\"270\" height=\"300\" srcset=\"https:\/\/migracao.redenoticia.com.br\/noticia\/imagens\/a-dona-270x300.jpg 270w, https:\/\/migracao.redenoticia.com.br\/noticia\/imagens\/a-dona-168x187.jpg 168w, https:\/\/migracao.redenoticia.com.br\/noticia\/imagens\/a-dona.jpg 380w\" sizes=\"auto, (max-width: 270px) 100vw, 270px\" \/>Resumo da novela <strong><em>\u201cA Dona&#8221;<\/em><\/strong> em 23\/07: no cap\u00edtulo 082(*) da novela, ter\u00e7a-feira, 23 de julho, Leonor autoriza Jos\u00e9 Miguel a vender sua parte na fazenda. Jos\u00e9 Miguel pede a Mois\u00e9s que ofere\u00e7a suas terras a seus clientes. Leonor se enfurece ao saber que Ivana foi para a cidade. Brenda pede a Alonso que se encarregue de Santiaguinho enquanto ela estiver hospitalizada. Alonso aceita, mas diz que sua prioridade \u00e9 reconquistar Valentina, pois a ama. Felipe diz a Valentina e Jos\u00e9 Miguel que a tomografia que tiraram de Jesus n\u00e3o apontou nenhum dano cerebral, por isso seu estado de coma \u00e9 indecifr\u00e1vel. Eles devem agora esperar por um milagre, pois s\u00f3 isso salvaria Jesus. Filadelfo diz a Rodrigo que preferiu renunciar seu cargo de capataz antes que Valentina o mandasse embora.<\/p>\n<p>Ele sugere que Rodrigo fale com Valentina para voltar a fazenda Os Carac\u00f3is. Rodrigo diz que est\u00e1 trabalhando na fazenda Montesinos. Filadelfo diz que n\u00e3o acredita que Leonor o pague mais do que Valentina poderia lhe oferecer. Rodrigo afirma n\u00e3o est\u00e1 l\u00e1 por um sal\u00e1rio, mas que tem outros planos. Valentina, chorando, diz a Jesus que n\u00e3o queria queimar a cabana, mas o \u00f3dio por Jos\u00e9 Miguel a cegou e fez esquecer que a cabana tamb\u00e9m era do menino. Ela lhe pede perd\u00e3o e diz que assim que ele se recuperar voltar\u00e1 a construir a cabana. Leonor pensa em voz alta que conseguir\u00e1 que Jos\u00e9 Miguel venda a fazenda, as terras, e volte a cidade.<\/p>\n<p>Rodrigo escuta e diz que se essas terras fossem suas n\u00e3o as venderia. Leonor responde que Jos\u00e9 Miguel tamb\u00e9m n\u00e3o queria se desfazer de suas terras, mas que se seguir com eles a fazenda se tornar\u00e1 um local abandonado. Alonso recebe uma cita\u00e7\u00e3o do delegado Toledo para outra declara\u00e7\u00e3o sobre a morte de Oscar. Brenda pergunta se ele teve algum envolvimento nesse caso. Alonso responde que tem muitos defeitos, mas que nunca matou ningu\u00e9m. Valentina se surpreende ao ver Rodrigo em sua frente.<\/p>\n<p>(*) edi\u00e7\u00e3o do SBT, Novela \u201cA Dona\u201d, sujeito a altera\u00e7\u00e3o de data e conte\u00fado.<\/p>\n<p>Destaques<\/p>\n<p>&#8220;A Dona&#8221; &#8211; Valentina Vila\u00e7a (Lucero) \u00e9 uma mulher que tem uma grande fortuna, que seus pais deixaram para ela quando morreram em um acidente de carro. Ela tem uma mans\u00e3o na Cidade do M\u00e9xico, onde vive com sua tia Isabel Rangel de Dorantes (Silvia Pinal), e sua prima Ivana Dorantes Rangel (Gabriela Spanic) que trata Valentina com muita indiferen\u00e7a e sente inveja dela.<\/p>\n<p>Tudo muda para Valentina quando seu noivo Alonso Penalva (David Zepeda), tramando com Ivana no dia de seu casamento, a deixa esperando no altar. A partir da\u00ed, Valentina se torna uma mulher amarga, e vai para sua fazenda, no interior. Chegando l\u00e1, ela conhece seu vizinho Jos\u00e9 Miguel Montesinos (Fernando Colunga).<\/p>\n","protected":false},"excerpt":{"rendered":"<p>Resumo da novela \u201cA Dona&#8221; em 23\/07: no cap\u00edtulo 082(*) da novela, ter\u00e7a-feira, 23 de julho, Leonor autoriza Jos\u00e9 Miguel a vender sua parte na fazenda. Jos\u00e9 Miguel pede a Mois\u00e9s que ofere\u00e7a suas terras a seus clientes. Leonor se enfurece ao saber que Ivana foi para a cidade. Brenda pede a Alonso que se [&hellip;]<\/p>\n","protected":false},"author":4,"featured_media":173626,"comment_status":"open","ping_status":"closed","sticky":false,"template":"","format":"standard","meta":{"tdm_status":"","tdm_grid_status":"","footnotes":""},"categories":[379,372,343],"tags":[441],"class_list":{"0":"post-179431","1":"post","2":"type-post","3":"status-publish","4":"format-standard","5":"has-post-thumbnail","7":"category-novelas","8":"category-sbt","9":"category-televisao","10":"tag-resumo-do-dia"},"_links":{"self":[{"href":"https:\/\/migracao.redenoticia.com.br\/noticia\/wp-json\/wp\/v2\/posts\/179431","targetHints":{"allow":["GET"]}}],"collection":[{"href":"https:\/\/migracao.redenoticia.com.br\/noticia\/wp-json\/wp\/v2\/posts"}],"about":[{"href":"https:\/\/migracao.redenoticia.com.br\/noticia\/wp-json\/wp\/v2\/types\/post"}],"author":[{"embeddable":true,"href":"https:\/\/migracao.redenoticia.com.br\/noticia\/wp-json\/wp\/v2\/users\/4"}],"replies":[{"embeddable":true,"href":"https:\/\/migracao.redenoticia.com.br\/noticia\/wp-json\/wp\/v2\/comments?post=179431"}],"version-history":[{"count":0,"href":"https:\/\/migracao.redenoticia.com.br\/noticia\/wp-json\/wp\/v2\/posts\/179431\/revisions"}],"wp:featuredmedia":[{"embeddable":true,"href":"https:\/\/migracao.redenoticia.com.br\/noticia\/wp-json\/wp\/v2\/media\/173626"}],"wp:attachment":[{"href":"https:\/\/migracao.redenoticia.com.br\/noticia\/wp-json\/wp\/v2\/media?parent=179431"}],"wp:term":[{"taxonomy":"category","embeddable":true,"href":"https:\/\/migracao.redenoticia.com.br\/noticia\/wp-json\/wp\/v2\/categories?post=179431"},{"taxonomy":"post_tag","embeddable":true,"href":"https:\/\/migracao.redenoticia.com.br\/noticia\/wp-json\/wp\/v2\/tags?post=179431"}],"curies":[{"name":"wp","href":"https:\/\/api.w.org\/{rel}","templated":true}]}}