{"id":179433,"date":"2019-07-22T15:50:03","date_gmt":"2019-07-22T18:50:03","guid":{"rendered":"https:\/\/www.redenoticia.com.br\/noticia\/?p=179433"},"modified":"2020-05-29T15:26:46","modified_gmt":"2020-05-29T18:26:46","slug":"resumo-novela-a-que-nao-podia-amar-23-07-marquinho-foge-do-orfanato","status":"publish","type":"post","link":"https:\/\/migracao.redenoticia.com.br\/noticia\/2019\/resumo-novela-a-que-nao-podia-amar-23-07-marquinho-foge-do-orfanato\/179433","title":{"rendered":"Resumo novela \u201cA Que N\u00e3o Podia Amar\u201d 23\/07: Marquinho foge do orfanato"},"content":{"rendered":"<p><strong><em><img loading=\"lazy\" decoding=\"async\" class=\"aligncenter size-large wp-image-173635\" src=\"https:\/\/migracao.redenoticia.com.br\/noticia\/imagens\/a-que-nao-podia-amar-400x271.jpg\" alt=\"\" width=\"400\" height=\"271\" srcset=\"https:\/\/migracao.redenoticia.com.br\/noticia\/imagens\/a-que-nao-podia-amar-400x271.jpg 400w, https:\/\/migracao.redenoticia.com.br\/noticia\/imagens\/a-que-nao-podia-amar-250x169.jpg 250w, https:\/\/migracao.redenoticia.com.br\/noticia\/imagens\/a-que-nao-podia-amar-560x379.jpg 560w, https:\/\/migracao.redenoticia.com.br\/noticia\/imagens\/a-que-nao-podia-amar.jpg 620w\" sizes=\"auto, (max-width: 400px) 100vw, 400px\" \/><\/em><\/strong><\/p>\n<p>Resumo da novela<strong><em> \u201cA Que N\u00e3o Podia Amar\u201d&nbsp;<\/em><\/strong> em 23\/07: no cap\u00edtulo 077(*) da novela, ter\u00e7a-feira, 23 de julho, Maria aconselha a Ana Paula que n\u00e3o demore muito para decidir com quem quer ficar, pois poderia acabar perdendo os dois pretendentes. Vanessa liga para C\u00edntia e conta que passou a noite junto com seu irm\u00e3o. Ela ainda conta que Maura viu os dois se beijando e que agora de nenhuma maneira ele poder\u00e1 adotar Marquinho. Rog\u00e9rio tenta se explicar com Maura, mas ela diz que de nenhuma forma pode permitir que uma crian\u00e7a viva numa casa desestabilizada como a dele. Num momento de confiss\u00f5es, Maria pergunta a Paula se o tempo com Rog\u00e9rio foi bom ou se sua vida na fazenda foi um completo mart\u00edrio. Ela confessa que passou momentos inesquec\u00edveis ao lado do fazendeiro. Ulisses pergunta a M\u00e1rcia se ela est\u00e1 de acordo que ele ajude Consuelo a estudar, ela confirma que sim. Por outro lado, C\u00edntia diz a Ana Paula que tem uma proposta para ela e pergunta quanto dinheiro ela quer para ir embora da fazenda. M\u00e1rcia conversar com Consuelo e diz que espera que um dia a rela\u00e7\u00e3o das duas possa voltar a ser como antes. Ana Paula se recusa a fugir e questiona se C\u00edntia quer que ela v\u00e1 embora por causa de Gustavo. A irm\u00e3 de Rog\u00e9rio confirma, mas Ana Paula diz que n\u00e3o ser\u00e1 ego\u00edsta a ponto de sair da fazenda agora e n\u00e3o dizer nada ao pai do seu beb\u00ea. C\u00edntia diz que estaria disposta a abrir m\u00e3o de Gustavo para que ele possa fugir com ela. C\u00edntia completa dizendo que n\u00e3o tem duvidas de como Rog\u00e9rio vai reagir ao saber toda a verdade.<\/p>\n<p>Rog\u00e9rio diz a Vanessa que n\u00e3o h\u00e1 lugar para ela em sua vida. Ela responde que isso n\u00e3o quer dizer que n\u00e3o chegar\u00e1 o momento e que saber\u00e1 esperar. C\u00edntia conversa com Elias e conta que ofereceu dinheiro para Paula fugir da fazenda, mas que a mo\u00e7a perdeu a oportunidade e agora vai ter que lidar com as consequ\u00eancias. Ela pede para o capataz providenciar uma cobra. Marquinho se emociona ao receber uma carta de Ana Paula. Rog\u00e9rio conversa com Ana Paula e ela pergunta quando ele voltar\u00e1, o fazendeiro responde que no dia seguinte estar\u00e1 de volta. C\u00edntia conta a Gustavo que Ana Paula se recusou a fugir da fazenda com ele. Elias informa a C\u00edntia que j\u00e1 conseguiu a cobra que ela pediu. C\u00edntia ordena que ele coloque a v\u00edbora no quarto da cunhada.<\/p>\n<p>Ana Paula pergunta a Rog\u00e9rio o que Vanessa fazia no seu quarto quando atendeu seu telefone. Vanessa conta a Bruno sobre as fotos que tirou com Rog\u00e9rio. Elias informa a C\u00edntia que a cobra escapou e est\u00e1 solta na casa. Ana Paula diz a Gustavo que pretende falar com Rog\u00e9rio assim que ele chegar na fazenda, mas o engenheiro tenta faz\u00ea-la mudar de ideia. Elias diz a C\u00edntia que avisar\u00e1 todos que viu uma cobra pela fazenda. A v\u00edbora aparece no escrit\u00f3rio da mo\u00e7a, mas Gustavo se livra dela. Marquinho se isola e chora porque Maura disse que Ana Paula e Rog\u00e9rio n\u00e3o poder\u00e3o adot\u00e1-lo. C\u00edntia pede a Elias para levar a cobra para longe. Ana Paula confessa a Dani que tem medo da rea\u00e7\u00e3o de Rog\u00e9rio quando lhe contar toda a verdade, mas que est\u00e1 certa de que ir\u00e1 falar a verdade, pois fica muito angustiada por mentir ao marido. Rog\u00e9rio \u00e9 informado que Marquinho teve uma crise emocional e fugiu do orfanato durante a noite.<\/p>\n<p>Ciumento, Elias recrimina C\u00edntia por abra\u00e7ar Gustavo. A mo\u00e7a manda o capataz conseguir outra cobra para colocar o plano em pr\u00e1tica. Rog\u00e9rio se preocupa com a fuga de Marquinho, Vanessa fica sabendo e se oferece para ajudar a procurar o menino. Enquanto isso, Marquinho liga para a fazenda e \u00e9 Gustavo quem atende. O garoto confessa que est\u00e1 em Tuxtla, com fome e saudades dos amigos da fazenda O Forte. Gustavo pede a descri\u00e7\u00e3o do local em que Marquinho est\u00e1 e garante que mandar\u00e1 algu\u00e9m para procur\u00e1-lo. A liga\u00e7\u00e3o cai. Gustavo conta para Ana Paula que o menino fugiu do orfanato.<\/p>\n<p>Rog\u00e9rio fica angustiado com a falta de not\u00edcias de Marquinho. Enquanto isso, Rosaura se alegra com o sumi\u00e7o, pensando que dessa forma \u00e9 um herdeiro a menos para dividir a heran\u00e7a. Miguel escuta e repreende a tia por sua ambi\u00e7\u00e3o. Furioso, o rapaz acaba contando que Rog\u00e9rio dormiu com Vanessa, surpreendendo Rosaura. Daniela mostra a foto que recebeu de Vanessa, deixando a tia de Ana Paula chocada. C\u00edntia telefona para Vanessa e diz que precisam se assegurar que o menino desapare\u00e7a. A irm\u00e3 de Rog\u00e9rio pede para a amiga ir atr\u00e1s de Marquinho na feira e lev\u00e1-lo para o mais longe que puder.<\/p>\n<p>(*) edi\u00e7\u00e3o do SBT, Novela \u201cA Que N\u00e3o Podia Amar\u201d, sujeito a altera\u00e7\u00e3o de data e conte\u00fado.<\/p>\n<p>Destaques<\/p>\n<p>&#8220;A Que N\u00e3o Podia Amar&#8221;- Ana Paula, uma enfermeira humilde que se v\u00ea obrigada a trabalhar na casa de Rog\u00e9rio Montero (Jorge Salinas), um homem amargurado. Rog\u00e9rio sofre por ser parapl\u00e9gico e destrata todas as pessoas. Ana Paula atura tudo calada e o rica\u00e7o se apaixona por ela.<\/p>\n<p>Ana conhece Gustavo Duran (Jos\u00e9 Ron), um engenheiro nobre e trabalhador. Os dois se apaixonam, mas ter\u00e3o de enfrentar Rog\u00e9rio, j\u00e1 que ele tamb\u00e9m gosta da mocinha, formando assim, um tri\u00e2ngulo amoroso com terr\u00edveis consequ\u00eancias.<\/p>\n","protected":false},"excerpt":{"rendered":"<p>Resumo da novela \u201cA Que N\u00e3o Podia Amar\u201d&nbsp; em 23\/07: no cap\u00edtulo 077(*) da novela, ter\u00e7a-feira, 23 de julho, Maria aconselha a Ana Paula que n\u00e3o demore muito para decidir com quem quer ficar, pois poderia acabar perdendo os dois pretendentes. Vanessa liga para C\u00edntia e conta que passou a noite junto com seu irm\u00e3o. [&hellip;]<\/p>\n","protected":false},"author":4,"featured_media":173627,"comment_status":"open","ping_status":"closed","sticky":false,"template":"","format":"standard","meta":{"tdm_status":"","tdm_grid_status":"","footnotes":""},"categories":[379,372,343],"tags":[441],"class_list":{"0":"post-179433","1":"post","2":"type-post","3":"status-publish","4":"format-standard","5":"has-post-thumbnail","7":"category-novelas","8":"category-sbt","9":"category-televisao","10":"tag-resumo-do-dia"},"_links":{"self":[{"href":"https:\/\/migracao.redenoticia.com.br\/noticia\/wp-json\/wp\/v2\/posts\/179433","targetHints":{"allow":["GET"]}}],"collection":[{"href":"https:\/\/migracao.redenoticia.com.br\/noticia\/wp-json\/wp\/v2\/posts"}],"about":[{"href":"https:\/\/migracao.redenoticia.com.br\/noticia\/wp-json\/wp\/v2\/types\/post"}],"author":[{"embeddable":true,"href":"https:\/\/migracao.redenoticia.com.br\/noticia\/wp-json\/wp\/v2\/users\/4"}],"replies":[{"embeddable":true,"href":"https:\/\/migracao.redenoticia.com.br\/noticia\/wp-json\/wp\/v2\/comments?post=179433"}],"version-history":[{"count":0,"href":"https:\/\/migracao.redenoticia.com.br\/noticia\/wp-json\/wp\/v2\/posts\/179433\/revisions"}],"wp:featuredmedia":[{"embeddable":true,"href":"https:\/\/migracao.redenoticia.com.br\/noticia\/wp-json\/wp\/v2\/media\/173627"}],"wp:attachment":[{"href":"https:\/\/migracao.redenoticia.com.br\/noticia\/wp-json\/wp\/v2\/media?parent=179433"}],"wp:term":[{"taxonomy":"category","embeddable":true,"href":"https:\/\/migracao.redenoticia.com.br\/noticia\/wp-json\/wp\/v2\/categories?post=179433"},{"taxonomy":"post_tag","embeddable":true,"href":"https:\/\/migracao.redenoticia.com.br\/noticia\/wp-json\/wp\/v2\/tags?post=179433"}],"curies":[{"name":"wp","href":"https:\/\/api.w.org\/{rel}","templated":true}]}}