{"id":179435,"date":"2019-07-22T15:51:06","date_gmt":"2019-07-22T18:51:06","guid":{"rendered":"https:\/\/www.redenoticia.com.br\/noticia\/?p=179435"},"modified":"2019-07-22T15:51:11","modified_gmt":"2019-07-22T18:51:11","slug":"resumo-novela-as-aventuras-de-poliana-23-07-waldisney-descobre-que-nadine-esta-infiltrada-na-0110","status":"publish","type":"post","link":"https:\/\/migracao.redenoticia.com.br\/noticia\/2019\/resumo-novela-as-aventuras-de-poliana-23-07-waldisney-descobre-que-nadine-esta-infiltrada-na-0110\/179435","title":{"rendered":"Resumo novela \u201cAs Aventuras de Poliana\u201d 23\/07: Waldisney descobre que Nadine est\u00e1 infiltrada na 0110"},"content":{"rendered":"<p><strong><em><img loading=\"lazy\" decoding=\"async\" class=\"aligncenter size-large wp-image-148662\" src=\"https:\/\/migracao.redenoticia.com.br\/noticia\/imagens\/as-aventuras-de-poliana-novela-400x267.jpg\" alt=\"\" width=\"400\" height=\"267\" srcset=\"https:\/\/migracao.redenoticia.com.br\/noticia\/imagens\/as-aventuras-de-poliana-novela-400x267.jpg 400w, https:\/\/migracao.redenoticia.com.br\/noticia\/imagens\/as-aventuras-de-poliana-novela-250x167.jpg 250w, https:\/\/migracao.redenoticia.com.br\/noticia\/imagens\/as-aventuras-de-poliana-novela-150x100.jpg 150w, https:\/\/migracao.redenoticia.com.br\/noticia\/imagens\/as-aventuras-de-poliana-novela.jpg 600w\" sizes=\"auto, (max-width: 400px) 100vw, 400px\" \/>Resumo novela \u201cAs Aventuras de Poliana\u201d 23\/07<\/em><\/strong>: no cap\u00edtulo 310(*) da novela, resumo de ter\u00e7a-feira, 23 de julho, Brenda pergunta a Jeff porque o menino sumiu, e a deixou sozinha no show da padaria. Eric n\u00e3o ser\u00e1 expulso da escola. Vini n\u00e3o quer mudar a apar\u00eancia e Gabi fica incomodada. Benicio questiona Sophie sobre ela ser uma Androidiana. Ele diz que fez um v\u00eddeo e usar\u00e1 como prova. Poliana conversa com Eric, e diz que se disp\u00f5e a ajud\u00e1-lo no que for preciso caso ele necessite. Lorena decide sair do Clubinho que agora passa a se chamar MAGABE. Salvador se encanta com a orelha de Luisa, e quer fazer uma obra de arte inspirada nela.<\/p>\n<p>Bento briga com Poliana, pois acha que ela est\u00e1 conspirando contra ele. Waldisney descobre que Nadine est\u00e1 infiltrada na 0110 para conseguir informa\u00e7\u00f5es, pois ela \u00e9 funcion\u00e1ria de uma empresa concorrente. Ruth far\u00e1 outro teste de DNA, pois acha que Bento n\u00e3o \u00e9 seu sobrinho. Salvador diz a Gl\u00f3ria que quer fazer uma exposi\u00e7\u00e3o em sua galeria. Bento vai tirar satisfa\u00e7\u00f5es com Ruth, pois quer saber o motivo dela ter deixado Eric permanecer na escola.<\/p>\n<p>Poliana ajuda Lorena a superar a separa\u00e7\u00e3o dos seus pais. Marcelo pergunta a m\u00e3e se ela est\u00e1 se tratando, e pede o telefone de seu m\u00e9dico. Pendleton oferece a Luisa um emprego na 0110. Jeff vai at\u00e9 a 0110 novamente atr\u00e1s de mais informa\u00e7\u00f5es com o funcion\u00e1rio da reforma. Gabi exige que Vini pare de falar com Mirela. Poliana presenteia Bento com um novo livro da alegria. Lorena tem outra crise de asma ao conversar com Raquel sobre a separa\u00e7\u00e3o dos pais.<\/p>\n<p>(*) edi\u00e7\u00e3o do SBT, Novela \u201cAs Aventuras de Poliana\u201d, sujeito a altera\u00e7\u00e3o de data e conte\u00fado.<\/p>\n<p>Poliana \u00e9 uma menina extrovertida e de bom cora\u00e7\u00e3o que viajava o Brasil com seus pais, Lorenzo e Alice, no grupo circense Trupe Vagalume. Aos onze anos a garota v\u00ea seu mundo desabar quando seus pais falecem e ela tem que ir morar em S\u00e3o Paulo com sua tia Lu\u00edsa, uma mulher rica e severa, a qual ela n\u00e3o conhecia e que n\u00e3o queria cuidar dela, embora sinta que \u00e9 sua obriga\u00e7\u00e3o pela alma de sua irm\u00e3. Apesar do jeito da rigidez da tia, Poliana decide ter uma vis\u00e3o positiva e inabal\u00e1vel da vida, mesmo nos momentos de dificuldade, tentando levar um pouco de felicidade para a vida de cada um dos seus novos amigos e vizinhos, como o Sr. Pendleton, um homem rico e infeliz por nunca ter tido filhos. Ela vai estudar no col\u00e9gio de Ruth, uma diretora de bom cora\u00e7\u00e3o que a ajuda a se adaptar, mas tem que lidar com as vilanias de Mirela, garota mais velha que n\u00e3o aceita perder a popularidade para uma novata.<\/p>\n","protected":false},"excerpt":{"rendered":"<p>Resumo novela \u201cAs Aventuras de Poliana\u201d 23\/07: no cap\u00edtulo 310(*) da novela, resumo de ter\u00e7a-feira, 23 de julho, Brenda pergunta a Jeff porque o menino sumiu, e a deixou sozinha no show da padaria. Eric n\u00e3o ser\u00e1 expulso da escola. Vini n\u00e3o quer mudar a apar\u00eancia e Gabi fica incomodada. Benicio questiona Sophie sobre ela [&hellip;]<\/p>\n","protected":false},"author":4,"featured_media":148663,"comment_status":"open","ping_status":"closed","sticky":false,"template":"","format":"standard","meta":{"tdm_status":"","tdm_grid_status":"","footnotes":""},"categories":[477,379,372,343],"tags":[441],"class_list":{"0":"post-179435","1":"post","2":"type-post","3":"status-publish","4":"format-standard","5":"has-post-thumbnail","7":"category-as-aventuras-de-poliana","8":"category-novelas","9":"category-sbt","10":"category-televisao","11":"tag-resumo-do-dia"},"_links":{"self":[{"href":"https:\/\/migracao.redenoticia.com.br\/noticia\/wp-json\/wp\/v2\/posts\/179435","targetHints":{"allow":["GET"]}}],"collection":[{"href":"https:\/\/migracao.redenoticia.com.br\/noticia\/wp-json\/wp\/v2\/posts"}],"about":[{"href":"https:\/\/migracao.redenoticia.com.br\/noticia\/wp-json\/wp\/v2\/types\/post"}],"author":[{"embeddable":true,"href":"https:\/\/migracao.redenoticia.com.br\/noticia\/wp-json\/wp\/v2\/users\/4"}],"replies":[{"embeddable":true,"href":"https:\/\/migracao.redenoticia.com.br\/noticia\/wp-json\/wp\/v2\/comments?post=179435"}],"version-history":[{"count":0,"href":"https:\/\/migracao.redenoticia.com.br\/noticia\/wp-json\/wp\/v2\/posts\/179435\/revisions"}],"wp:featuredmedia":[{"embeddable":true,"href":"https:\/\/migracao.redenoticia.com.br\/noticia\/wp-json\/wp\/v2\/media\/148663"}],"wp:attachment":[{"href":"https:\/\/migracao.redenoticia.com.br\/noticia\/wp-json\/wp\/v2\/media?parent=179435"}],"wp:term":[{"taxonomy":"category","embeddable":true,"href":"https:\/\/migracao.redenoticia.com.br\/noticia\/wp-json\/wp\/v2\/categories?post=179435"},{"taxonomy":"post_tag","embeddable":true,"href":"https:\/\/migracao.redenoticia.com.br\/noticia\/wp-json\/wp\/v2\/tags?post=179435"}],"curies":[{"name":"wp","href":"https:\/\/api.w.org\/{rel}","templated":true}]}}