{"id":179437,"date":"2019-07-22T15:52:29","date_gmt":"2019-07-22T18:52:29","guid":{"rendered":"https:\/\/www.redenoticia.com.br\/noticia\/?p=179437"},"modified":"2019-07-22T15:52:35","modified_gmt":"2019-07-22T18:52:35","slug":"resumo-novela-cumplices-de-um-resgate-23-07-laura-ve-isabela-no-hospital","status":"publish","type":"post","link":"https:\/\/migracao.redenoticia.com.br\/noticia\/2019\/resumo-novela-cumplices-de-um-resgate-23-07-laura-ve-isabela-no-hospital\/179437","title":{"rendered":"Resumo novela \u201cC\u00famplices de um Resgate\u201d 23\/07: Laura v\u00ea Isabela no hospital"},"content":{"rendered":"<p><img loading=\"lazy\" decoding=\"async\" class=\"aligncenter size-large wp-image-164526\" src=\"https:\/\/migracao.redenoticia.com.br\/noticia\/imagens\/cumplices-de-um-resgate-001-316x300.jpg\" alt=\"\" width=\"316\" height=\"300\" srcset=\"https:\/\/migracao.redenoticia.com.br\/noticia\/imagens\/cumplices-de-um-resgate-001-316x300.jpg 316w, https:\/\/migracao.redenoticia.com.br\/noticia\/imagens\/cumplices-de-um-resgate-001-197x187.jpg 197w, https:\/\/migracao.redenoticia.com.br\/noticia\/imagens\/cumplices-de-um-resgate-001-150x143.jpg 150w, https:\/\/migracao.redenoticia.com.br\/noticia\/imagens\/cumplices-de-um-resgate-001.jpg 526w\" sizes=\"auto, (max-width: 316px) 100vw, 316px\" \/> Resumo novela \u201cC\u00famplices de um Resgate\u201d 23\/07: no cap\u00edtulo 142(*) da novela, ter\u00e7a-feira, 23 de julho, Omar pede a seu pai que sacrifique seu Dourado, j\u00e1 que sempre que olha para ele lembra do suposto incidente. Isabela \u00e9 atendida no hospital. O m\u00e9dico prescreve uns rem\u00e9dios para a garota e diz logo ela ficar\u00e1 bem. Mateus pede emprego na sapataria de Giuseppe, enquanto D\u00f3ris pede para sua m\u00e3e ajud\u00e1-la a fazer vestidos de boneca para vender. Na sala de espera do hospital, Laura v\u00ea Isabela. A menina foge do local e Laura pensa que fica confusa. Joel pede para Erm\u00ednio sacrificar Dourado. Isabela volta ao por\u00e3o e Manuela diz que vai ajud\u00e1-la com os rem\u00e9dios. Mateus come\u00e7a a trabalhar na sapataria e agrada a Giuseppe.<\/p>\n<p>T\u00e9o da sua mesada de presente a Mateus. Laura conta para Regina o que viu no hospital. Ot\u00e1vio pede ajuda a Frederico e Lurdinha para montar um jantar surpresa para Rebeca em seu escrit\u00f3rio. Regina vai ao por\u00e3o perguntar a Manuela se ela sabe de alguma coisa sobre a irm\u00e3 dela. Safira agora desconfia que foi Ot\u00e1vio quem ligou para sua filha. Artur e Vicente decidem lan\u00e7ar a banda C1R na internet. Geraldo sugere que eles fa\u00e7am suspense e n\u00e3o revelem os rostos dos integrantes durante a campanha. Safira entra no escrit\u00f3rio de Ot\u00e1vio e v\u00ea a prepara\u00e7\u00e3o do jantar. Manuela conta para Isabela sobre o que Regina sabe. Regina diz para Geraldo que vai ao hospital investigar a hist\u00f3ria de Laura.<\/p>\n<p>(*) edi\u00e7\u00e3o do SBT, Novela \u201cC\u00famplices de um Resgate\u201d, sujeito a altera\u00e7\u00e3o de data e conte\u00fado.<\/p>\n","protected":false},"excerpt":{"rendered":"<p>Resumo novela \u201cC\u00famplices de um Resgate\u201d 23\/07: no cap\u00edtulo 142(*) da novela, ter\u00e7a-feira, 23 de julho, Omar pede a seu pai que sacrifique seu Dourado, j\u00e1 que sempre que olha para ele lembra do suposto incidente. Isabela \u00e9 atendida no hospital. O m\u00e9dico prescreve uns rem\u00e9dios para a garota e diz logo ela ficar\u00e1 bem. [&hellip;]<\/p>\n","protected":false},"author":4,"featured_media":164526,"comment_status":"open","ping_status":"closed","sticky":false,"template":"","format":"standard","meta":{"tdm_status":"","tdm_grid_status":"","footnotes":""},"categories":[379,372,343],"tags":[441],"class_list":{"0":"post-179437","1":"post","2":"type-post","3":"status-publish","4":"format-standard","5":"has-post-thumbnail","7":"category-novelas","8":"category-sbt","9":"category-televisao","10":"tag-resumo-do-dia"},"_links":{"self":[{"href":"https:\/\/migracao.redenoticia.com.br\/noticia\/wp-json\/wp\/v2\/posts\/179437","targetHints":{"allow":["GET"]}}],"collection":[{"href":"https:\/\/migracao.redenoticia.com.br\/noticia\/wp-json\/wp\/v2\/posts"}],"about":[{"href":"https:\/\/migracao.redenoticia.com.br\/noticia\/wp-json\/wp\/v2\/types\/post"}],"author":[{"embeddable":true,"href":"https:\/\/migracao.redenoticia.com.br\/noticia\/wp-json\/wp\/v2\/users\/4"}],"replies":[{"embeddable":true,"href":"https:\/\/migracao.redenoticia.com.br\/noticia\/wp-json\/wp\/v2\/comments?post=179437"}],"version-history":[{"count":0,"href":"https:\/\/migracao.redenoticia.com.br\/noticia\/wp-json\/wp\/v2\/posts\/179437\/revisions"}],"wp:featuredmedia":[{"embeddable":true,"href":"https:\/\/migracao.redenoticia.com.br\/noticia\/wp-json\/wp\/v2\/media\/164526"}],"wp:attachment":[{"href":"https:\/\/migracao.redenoticia.com.br\/noticia\/wp-json\/wp\/v2\/media?parent=179437"}],"wp:term":[{"taxonomy":"category","embeddable":true,"href":"https:\/\/migracao.redenoticia.com.br\/noticia\/wp-json\/wp\/v2\/categories?post=179437"},{"taxonomy":"post_tag","embeddable":true,"href":"https:\/\/migracao.redenoticia.com.br\/noticia\/wp-json\/wp\/v2\/tags?post=179437"}],"curies":[{"name":"wp","href":"https:\/\/api.w.org\/{rel}","templated":true}]}}