{"id":17945,"date":"2009-11-19T20:29:27","date_gmt":"2009-11-20T00:29:27","guid":{"rendered":"http:\/\/www.redenoticia.com.br\/noticia\/?p=17945"},"modified":"2009-11-19T20:29:27","modified_gmt":"2009-11-20T00:29:27","slug":"hospital-sao-francisco-torna-se-centro-de-referencia-em-neurologia","status":"publish","type":"post","link":"https:\/\/migracao.redenoticia.com.br\/noticia\/2009\/hospital-sao-francisco-torna-se-centro-de-referencia-em-neurologia\/17945","title":{"rendered":"Hospital S\u00e3o Francisco torna-se centro de refer\u00eancia em Neurologia"},"content":{"rendered":"<p>O Hospital S\u00e3o Francisco de Ribeir\u00e3o Preto (SP) \u00e9 um dos 45 hospitais brasileiros a integrar a rede internacional de tratamento do AVC como hospital de refer\u00eancia. Na regi\u00e3o, \u00e9 o \u00fanico hospital privado com este status e o primeiro a dispor de neurologista de plant\u00e3o in loco, para atendimento de urg\u00eancias e emerg\u00eancias a pacientes internados e ambulatoriais.<\/p>\n<p>Al\u00e9m disso, o Hospital criou uma unidade de atendimento aos pacientes com Acidente Vascular Cerebral (AVC) e profissionais bem treinados para prestar os cuidados especiais que estes pacientes necessitam. Estas s\u00e3o algumas das exig\u00eancias para que o hospital seja reconhecido oficialmente como um centro de refer\u00eancia em Neurologia. Em reuni\u00e3o com representantes do Minist\u00e9rio da Sa\u00fade, realizada em abril de 2009, em Bras\u00edlia, o Hospital S\u00e3o Francisco foi cadastrado e aceito como um dos 45 hospitais no Brasil considerados Centro de Refer\u00eancia no Tratamento de AVC, constituindo em seu conjunto, a Rede Nacional de AVC.<\/p>\n<p>A oficializa\u00e7\u00e3o da lista de hospitais refer\u00eancia aconteceu durante encontro entre o SITS (organiza\u00e7\u00e3o m\u00e9dica internacional fundada com o objetivo de definir protocolos de conduta para o tratamento do AVC, e fornecer certificados de excel\u00eancia a centros de atendimento), o Minist\u00e9rio da Sa\u00fade e os representantes de 45 hospitais brasileiros. O coordenador europeu do SITS, Dr. Nikolaos Kostulas,\u00a0 veio especialmente da Su\u00e9cia para o encontro e cadastramento dos hospitais. Kostulas explicou para os novos membros os detalhes do protocolo, dos programas de registro e coleta de dados, de como funciona a integra\u00e7\u00e3o da rede, e de como os dados s\u00e3o monitorados para se manter o n\u00edvel de excel\u00eancia exigido.<\/p>\n<p>Os hospitais de refer\u00eancia passar\u00e3o a receber os casos, drenados de toda a regi\u00e3o em que est\u00e3o inseridos. Al\u00e9m destes hospitais de refer\u00eancia, haver\u00e1 um n\u00famero maior de hospitais de retaguarda, que atender\u00e3o os casos cr\u00f4nicos e de menor complexidade, e encaminhar\u00e3o os casos graves aos centros de refer\u00eancia. \u201cO Hospital S\u00e3o Francisco atende a todas as condi\u00e7\u00f5es t\u00e9cnicas exigidas pela rede para se tornar um centro de refer\u00eancia e por isso recebemos a certifica\u00e7\u00e3o. J\u00e1 estamos prontos para atender a demanda nesta \u00e1rea\u201d, explica Dr. Roberto Cardoso, diretor t\u00e9cnico do hospital.<\/p>\n<p>O AVC, tamb\u00e9m conhecido popularmente como \u201cderrame cerebral\u201d, \u00e9 a maior causa de mortalidade na popula\u00e7\u00e3o brasileira, al\u00e9m de muitas vezes causar seq\u00fcelas graves e irrevers\u00edveis aos pacientes que sobrevivem.<\/p>\n","protected":false},"excerpt":{"rendered":"<p>O Hospital S\u00e3o Francisco de Ribeir\u00e3o Preto (SP) \u00e9 um dos 45 hospitais brasileiros a integrar a rede internacional de tratamento do AVC como hospital de refer\u00eancia. Na regi\u00e3o, \u00e9 o \u00fanico hospital privado com este status e o primeiro a dispor de neurologista de plant\u00e3o in loco, para atendimento de urg\u00eancias e emerg\u00eancias a [&hellip;]<\/p>\n","protected":false},"author":2,"featured_media":0,"comment_status":"open","ping_status":"open","sticky":false,"template":"","format":"standard","meta":{"tdm_status":"","tdm_grid_status":"","footnotes":""},"categories":[5],"tags":[],"class_list":{"0":"post-17945","1":"post","2":"type-post","3":"status-publish","4":"format-standard","6":"category-saude-e-vida"},"_links":{"self":[{"href":"https:\/\/migracao.redenoticia.com.br\/noticia\/wp-json\/wp\/v2\/posts\/17945","targetHints":{"allow":["GET"]}}],"collection":[{"href":"https:\/\/migracao.redenoticia.com.br\/noticia\/wp-json\/wp\/v2\/posts"}],"about":[{"href":"https:\/\/migracao.redenoticia.com.br\/noticia\/wp-json\/wp\/v2\/types\/post"}],"author":[{"embeddable":true,"href":"https:\/\/migracao.redenoticia.com.br\/noticia\/wp-json\/wp\/v2\/users\/2"}],"replies":[{"embeddable":true,"href":"https:\/\/migracao.redenoticia.com.br\/noticia\/wp-json\/wp\/v2\/comments?post=17945"}],"version-history":[{"count":0,"href":"https:\/\/migracao.redenoticia.com.br\/noticia\/wp-json\/wp\/v2\/posts\/17945\/revisions"}],"wp:attachment":[{"href":"https:\/\/migracao.redenoticia.com.br\/noticia\/wp-json\/wp\/v2\/media?parent=17945"}],"wp:term":[{"taxonomy":"category","embeddable":true,"href":"https:\/\/migracao.redenoticia.com.br\/noticia\/wp-json\/wp\/v2\/categories?post=17945"},{"taxonomy":"post_tag","embeddable":true,"href":"https:\/\/migracao.redenoticia.com.br\/noticia\/wp-json\/wp\/v2\/tags?post=17945"}],"curies":[{"name":"wp","href":"https:\/\/api.w.org\/{rel}","templated":true}]}}