{"id":179545,"date":"2019-07-24T16:03:00","date_gmt":"2019-07-24T19:03:00","guid":{"rendered":"https:\/\/www.redenoticia.com.br\/noticia\/?p=179545"},"modified":"2019-07-24T16:03:07","modified_gmt":"2019-07-24T19:03:07","slug":"resumo-novela-a-dona-25-07-valentina-descobre-que-ivana-esta-gravida","status":"publish","type":"post","link":"https:\/\/migracao.redenoticia.com.br\/noticia\/2019\/resumo-novela-a-dona-25-07-valentina-descobre-que-ivana-esta-gravida\/179545","title":{"rendered":"Resumo novela \u201cA Dona\u201d 25\/07: Valentina descobre que Ivana est\u00e1 gr\u00e1vida"},"content":{"rendered":"<p><img loading=\"lazy\" decoding=\"async\" class=\"aligncenter size-large wp-image-173633\" src=\"https:\/\/migracao.redenoticia.com.br\/noticia\/imagens\/a-dona-270x300.jpg\" alt=\"\" width=\"270\" height=\"300\" srcset=\"https:\/\/migracao.redenoticia.com.br\/noticia\/imagens\/a-dona-270x300.jpg 270w, https:\/\/migracao.redenoticia.com.br\/noticia\/imagens\/a-dona-168x187.jpg 168w, https:\/\/migracao.redenoticia.com.br\/noticia\/imagens\/a-dona.jpg 380w\" sizes=\"auto, (max-width: 270px) 100vw, 270px\" \/>Resumo da novela <strong><em>\u201cA Dona&#8221;<\/em><\/strong> em 25\/07: no cap\u00edtulo 084(*) da novela, quinta-feira, 25 de julho, Sandra diz a sua m\u00e3e que ela a ama muito, mas n\u00e3o pode deixar de viver sua vida, tomar suas pr\u00f3prias decis\u00f5es e correr riscos. Por isso se casar\u00e1 com Felipe, seguir\u00e1 vendendo sapatos, vai estudar enfermagem e ser\u00e1 uma \u00f3tima esposa, sem que pra isso precise deixar de ser filha. Henriqueta diz que ainda que n\u00e3o v\u00e1 ao casamento e n\u00e3o concorde com Sandra, ela seguir\u00e1 sempre sendo sua menina. Ivana pede a Hor\u00e1cio que a ajude, j\u00e1 que Jos\u00e9 Miguel a expulsou da fazenda e n\u00e3o quer mais falar com ela. Ela diz que a noite que passaram juntos teve consequ\u00eancias. Hor\u00e1cio responde que Jos\u00e9 o disse que entre ele e Ivana jamais houve nada.<\/p>\n<p>Gabriela chega e diz a Hor\u00e1cio que \u00e9 claro que ele voltou com Ivana. Hor\u00e1cio tenta se justificar e diz a Gabriela que Ivana s\u00f3 foi at\u00e9 ele para pedir lhe que fale com Jos\u00e9 Miguel. Gabriela diz a Valentina que encontrou Hor\u00e1cio com Ivana, que pediu ao rapaz que falasse com Jos\u00e9 Miguel, pois Ivana estaria gr\u00e1vida dele. Valentina fica decepcionada, pois Jos\u00e9 havia a assegurado que entre ele e Ivana jamais havia acontecido nada. Gabriela pede a Valentina que n\u00e3o acredite em Ivana, pois ela \u00e9 falsa e j\u00e1 provou isso in\u00fameras vezes. Valentina responde que Ivana \u00e9 como sua irm\u00e3 e jamais dar\u00e1 as costas a um membro de sua fam\u00edlia por um homem.<\/p>\n<p>Valentina diz a Jos\u00e9 Miguel que n\u00e3o devem mais se ver, j\u00e1 que ele teve rela\u00e7\u00f5es intimas com Ivana. Jos\u00e9 Miguel diz a Valentina que determinada noite chegou b\u00eabado a sua casa e Ivana estava em l\u00e1, mas tem certeza que nada aconteceu entre eles. Jos\u00e9 pede para que Valentina acredite nele, mas ela diz que n\u00e3o o far\u00e1. Jos\u00e9 Miguel diz a Valentina que ela \u00e9 uma menina caprichosa, que um dia ama e no outro n\u00e3o mais. Valentina, chorando, diz que o ama sim, e por isso sofre com suas mentiras. Jos\u00e9 Miguel diz que eles devem lutar juntos por esse amor, e n\u00e3o permitam que nada, nem ningu\u00e9m, os separe novamente.<\/p>\n<p>(*) edi\u00e7\u00e3o do SBT, Novela \u201cA Dona\u201d, sujeito a altera\u00e7\u00e3o de data e conte\u00fado.<\/p>\n<p>Destaques<\/p>\n<p>&#8220;A Dona&#8221; &#8211; Valentina Vila\u00e7a (Lucero) \u00e9 uma mulher que tem uma grande fortuna, que seus pais deixaram para ela quando morreram em um acidente de carro. Ela tem uma mans\u00e3o na Cidade do M\u00e9xico, onde vive com sua tia Isabel Rangel de Dorantes (Silvia Pinal), e sua prima Ivana Dorantes Rangel (Gabriela Spanic) que trata Valentina com muita indiferen\u00e7a e sente inveja dela.<\/p>\n<p>Tudo muda para Valentina quando seu noivo Alonso Penalva (David Zepeda), tramando com Ivana no dia de seu casamento, a deixa esperando no altar. A partir da\u00ed, Valentina se torna uma mulher amarga, e vai para sua fazenda, no interior. Chegando l\u00e1, ela conhece seu vizinho Jos\u00e9 Miguel Montesinos (Fernando Colunga).<\/p>\n","protected":false},"excerpt":{"rendered":"<p>Resumo da novela \u201cA Dona&#8221; em 25\/07: no cap\u00edtulo 084(*) da novela, quinta-feira, 25 de julho, Sandra diz a sua m\u00e3e que ela a ama muito, mas n\u00e3o pode deixar de viver sua vida, tomar suas pr\u00f3prias decis\u00f5es e correr riscos. Por isso se casar\u00e1 com Felipe, seguir\u00e1 vendendo sapatos, vai estudar enfermagem e ser\u00e1 [&hellip;]<\/p>\n","protected":false},"author":4,"featured_media":173626,"comment_status":"open","ping_status":"closed","sticky":false,"template":"","format":"standard","meta":{"tdm_status":"","tdm_grid_status":"","footnotes":""},"categories":[379,372,343],"tags":[441],"class_list":{"0":"post-179545","1":"post","2":"type-post","3":"status-publish","4":"format-standard","5":"has-post-thumbnail","7":"category-novelas","8":"category-sbt","9":"category-televisao","10":"tag-resumo-do-dia"},"_links":{"self":[{"href":"https:\/\/migracao.redenoticia.com.br\/noticia\/wp-json\/wp\/v2\/posts\/179545","targetHints":{"allow":["GET"]}}],"collection":[{"href":"https:\/\/migracao.redenoticia.com.br\/noticia\/wp-json\/wp\/v2\/posts"}],"about":[{"href":"https:\/\/migracao.redenoticia.com.br\/noticia\/wp-json\/wp\/v2\/types\/post"}],"author":[{"embeddable":true,"href":"https:\/\/migracao.redenoticia.com.br\/noticia\/wp-json\/wp\/v2\/users\/4"}],"replies":[{"embeddable":true,"href":"https:\/\/migracao.redenoticia.com.br\/noticia\/wp-json\/wp\/v2\/comments?post=179545"}],"version-history":[{"count":0,"href":"https:\/\/migracao.redenoticia.com.br\/noticia\/wp-json\/wp\/v2\/posts\/179545\/revisions"}],"wp:featuredmedia":[{"embeddable":true,"href":"https:\/\/migracao.redenoticia.com.br\/noticia\/wp-json\/wp\/v2\/media\/173626"}],"wp:attachment":[{"href":"https:\/\/migracao.redenoticia.com.br\/noticia\/wp-json\/wp\/v2\/media?parent=179545"}],"wp:term":[{"taxonomy":"category","embeddable":true,"href":"https:\/\/migracao.redenoticia.com.br\/noticia\/wp-json\/wp\/v2\/categories?post=179545"},{"taxonomy":"post_tag","embeddable":true,"href":"https:\/\/migracao.redenoticia.com.br\/noticia\/wp-json\/wp\/v2\/tags?post=179545"}],"curies":[{"name":"wp","href":"https:\/\/api.w.org\/{rel}","templated":true}]}}