{"id":179547,"date":"2019-07-24T16:04:00","date_gmt":"2019-07-24T19:04:00","guid":{"rendered":"https:\/\/www.redenoticia.com.br\/noticia\/?p=179547"},"modified":"2020-05-29T15:26:50","modified_gmt":"2020-05-29T18:26:50","slug":"resumo-novela-a-que-nao-podia-amar-25-07-ana-suplica-que-gustavo-nao-se-encontre-com-rogerio","status":"publish","type":"post","link":"https:\/\/migracao.redenoticia.com.br\/noticia\/2019\/resumo-novela-a-que-nao-podia-amar-25-07-ana-suplica-que-gustavo-nao-se-encontre-com-rogerio\/179547","title":{"rendered":"Resumo novela \u201cA Que N\u00e3o Podia Amar\u201d 25\/07: Ana suplica que Gustavo n\u00e3o se encontre com Rog\u00e9rio"},"content":{"rendered":"<p><strong><em><img loading=\"lazy\" decoding=\"async\" class=\"aligncenter size-large wp-image-173635\" src=\"https:\/\/migracao.redenoticia.com.br\/noticia\/imagens\/a-que-nao-podia-amar-400x271.jpg\" alt=\"\" width=\"400\" height=\"271\" srcset=\"https:\/\/migracao.redenoticia.com.br\/noticia\/imagens\/a-que-nao-podia-amar-400x271.jpg 400w, https:\/\/migracao.redenoticia.com.br\/noticia\/imagens\/a-que-nao-podia-amar-250x169.jpg 250w, https:\/\/migracao.redenoticia.com.br\/noticia\/imagens\/a-que-nao-podia-amar-560x379.jpg 560w, https:\/\/migracao.redenoticia.com.br\/noticia\/imagens\/a-que-nao-podia-amar.jpg 620w\" sizes=\"auto, (max-width: 400px) 100vw, 400px\" \/><\/em><\/strong><\/p>\n<p>Resumo da novela<strong><em> \u201cA Que N\u00e3o Podia Amar\u201d&nbsp;<\/em><\/strong> em 25\/07: no cap\u00edtulo 079(*) da novela, quinta-feira, 25 de julho, Rog\u00e9rio diz a Ana Paula que tudo o que sente por ela agora \u00e9 \u00f3dio. O fazendeiro deixa a mo\u00e7a chorando, enquanto sai aos berros \u00e0 procura de Gustavo. Daniela diz a Miguel que aceita se casar com ele, enquanto o rapaz responde que assim que completar um ano s\u00f3brio, os dois ir\u00e3o oficializar sua uni\u00e3o. C\u00edntia diz a Rog\u00e9rio que Gustavo foi ao povoado e ele pergunta se a irm\u00e3 sabia que o namorado era o pai do filho de Ana Paula. Enquanto isso, Ana se desespera e tenta se comunicar com Gustavo para avisar que Rog\u00e9rio quer mat\u00e1-lo. Fingida e dissimulada, C\u00edntia diz ao irm\u00e3o que n\u00e3o sabia nada. Miguel e Daniela tentam tranquilizar Ana Paula. Rosaura se desespera ao saber que Rog\u00e9rio j\u00e1 sabe de tudo. C\u00edntia se preocupa com o que o irm\u00e3o poderia fazer com Gustavo. Ela recrimina Ana Paula por ter contado a verdade e ter lhe tirado a oportunidade de ser feliz com o engenheiro. Mercedes incentiva Gustavo a contar a verdade para Rog\u00e9rio, por mais dif\u00edcil que seja.<\/p>\n<p>Estev\u00e3o conta a Gustavo, Mercedes e Ernesto que recebeu uma proposta de emprego. M\u00e1rcia e Ulisses visitam o t\u00famulo de Mariana. Ana Paula finalmente consegue conversar com Gustavo e informa que Rog\u00e9rio j\u00e1 sabe de tudo e que ficou furioso. Ela suplica que o ex-namorado n\u00e3o se encontre com o irm\u00e3o de C\u00edntia, pois tem medo do que ele pode fazer. O rapaz responde que est\u00e1 farto dessa situa\u00e7\u00e3o e n\u00e3o vai fugir. Gustavo sai ao encontro do fazendeiro. Enquanto isso, Ana Paula reza implorando pelo bem do ex-namorado. Vanessa chega na fazenda para entregar o envelope para Ana Paula, mas a mo\u00e7a n\u00e3o d\u00e1 aten\u00e7\u00e3o. C\u00edntia chega para contar que Rog\u00e9rio saiu com Hugo. Nesse momento as tr\u00eas escutam um disparo e se desesperam. \u00c9 Rog\u00e9rio praticando tiro ao alvo. C\u00edntia explica que Rog\u00e9rio s\u00f3 faz isso quando est\u00e1 nervoso.<\/p>\n<p>(*) edi\u00e7\u00e3o do SBT, Novela \u201cA Que N\u00e3o Podia Amar\u201d, sujeito a altera\u00e7\u00e3o de data e conte\u00fado.<\/p>\n<p>Destaques<\/p>\n<p>&#8220;A Que N\u00e3o Podia Amar&#8221;- Ana Paula, uma enfermeira humilde que se v\u00ea obrigada a trabalhar na casa de Rog\u00e9rio Montero (Jorge Salinas), um homem amargurado. Rog\u00e9rio sofre por ser parapl\u00e9gico e destrata todas as pessoas. Ana Paula atura tudo calada e o rica\u00e7o se apaixona por ela.<\/p>\n<p>Ana conhece Gustavo Duran (Jos\u00e9 Ron), um engenheiro nobre e trabalhador. Os dois se apaixonam, mas ter\u00e3o de enfrentar Rog\u00e9rio, j\u00e1 que ele tamb\u00e9m gosta da mocinha, formando assim, um tri\u00e2ngulo amoroso com terr\u00edveis consequ\u00eancias.<\/p>\n","protected":false},"excerpt":{"rendered":"<p>Resumo da novela \u201cA Que N\u00e3o Podia Amar\u201d&nbsp; em 25\/07: no cap\u00edtulo 079(*) da novela, quinta-feira, 25 de julho, Rog\u00e9rio diz a Ana Paula que tudo o que sente por ela agora \u00e9 \u00f3dio. O fazendeiro deixa a mo\u00e7a chorando, enquanto sai aos berros \u00e0 procura de Gustavo. Daniela diz a Miguel que aceita se [&hellip;]<\/p>\n","protected":false},"author":4,"featured_media":173627,"comment_status":"open","ping_status":"closed","sticky":false,"template":"","format":"standard","meta":{"tdm_status":"","tdm_grid_status":"","footnotes":""},"categories":[379,372,343],"tags":[441],"class_list":{"0":"post-179547","1":"post","2":"type-post","3":"status-publish","4":"format-standard","5":"has-post-thumbnail","7":"category-novelas","8":"category-sbt","9":"category-televisao","10":"tag-resumo-do-dia"},"_links":{"self":[{"href":"https:\/\/migracao.redenoticia.com.br\/noticia\/wp-json\/wp\/v2\/posts\/179547","targetHints":{"allow":["GET"]}}],"collection":[{"href":"https:\/\/migracao.redenoticia.com.br\/noticia\/wp-json\/wp\/v2\/posts"}],"about":[{"href":"https:\/\/migracao.redenoticia.com.br\/noticia\/wp-json\/wp\/v2\/types\/post"}],"author":[{"embeddable":true,"href":"https:\/\/migracao.redenoticia.com.br\/noticia\/wp-json\/wp\/v2\/users\/4"}],"replies":[{"embeddable":true,"href":"https:\/\/migracao.redenoticia.com.br\/noticia\/wp-json\/wp\/v2\/comments?post=179547"}],"version-history":[{"count":0,"href":"https:\/\/migracao.redenoticia.com.br\/noticia\/wp-json\/wp\/v2\/posts\/179547\/revisions"}],"wp:featuredmedia":[{"embeddable":true,"href":"https:\/\/migracao.redenoticia.com.br\/noticia\/wp-json\/wp\/v2\/media\/173627"}],"wp:attachment":[{"href":"https:\/\/migracao.redenoticia.com.br\/noticia\/wp-json\/wp\/v2\/media?parent=179547"}],"wp:term":[{"taxonomy":"category","embeddable":true,"href":"https:\/\/migracao.redenoticia.com.br\/noticia\/wp-json\/wp\/v2\/categories?post=179547"},{"taxonomy":"post_tag","embeddable":true,"href":"https:\/\/migracao.redenoticia.com.br\/noticia\/wp-json\/wp\/v2\/tags?post=179547"}],"curies":[{"name":"wp","href":"https:\/\/api.w.org\/{rel}","templated":true}]}}