{"id":179549,"date":"2019-07-24T16:05:00","date_gmt":"2019-07-24T19:05:00","guid":{"rendered":"https:\/\/www.redenoticia.com.br\/noticia\/?p=179549"},"modified":"2019-07-24T16:05:05","modified_gmt":"2019-07-24T19:05:05","slug":"resumo-novela-as-aventuras-de-poliana-25-07-poliana-e-kessya-encontram-a-estatueta","status":"publish","type":"post","link":"https:\/\/migracao.redenoticia.com.br\/noticia\/2019\/resumo-novela-as-aventuras-de-poliana-25-07-poliana-e-kessya-encontram-a-estatueta\/179549","title":{"rendered":"Resumo novela \u201cAs Aventuras de Poliana\u201d 25\/07: Poliana e Kessya encontram a estatueta"},"content":{"rendered":"<p><strong><em><img loading=\"lazy\" decoding=\"async\" class=\"aligncenter size-large wp-image-148662\" src=\"https:\/\/migracao.redenoticia.com.br\/noticia\/imagens\/as-aventuras-de-poliana-novela-400x267.jpg\" alt=\"\" width=\"400\" height=\"267\" srcset=\"https:\/\/migracao.redenoticia.com.br\/noticia\/imagens\/as-aventuras-de-poliana-novela-400x267.jpg 400w, https:\/\/migracao.redenoticia.com.br\/noticia\/imagens\/as-aventuras-de-poliana-novela-250x167.jpg 250w, https:\/\/migracao.redenoticia.com.br\/noticia\/imagens\/as-aventuras-de-poliana-novela-150x100.jpg 150w, https:\/\/migracao.redenoticia.com.br\/noticia\/imagens\/as-aventuras-de-poliana-novela.jpg 600w\" sizes=\"auto, (max-width: 400px) 100vw, 400px\" \/>Resumo novela \u201cAs Aventuras de Poliana\u201d 25\/07<\/em><\/strong>: no cap\u00edtulo 312(*) da novela, resumo de quinta-feira, 25 de julho, ap\u00f3s aparecer no \u201cPrograma do Ratinho\u201d, Lindomar fica famoso na comunidade. Filipa fica muito feliz e decide dar uma festa para comemorar seus 200 mil seguidores. Salvador faz os preparativos para sua exposi\u00e7\u00e3o na galeria de Gloria. Jo\u00e3o diz que s\u00f3 vai na festa de Filipa, caso Poliana e Kessya sejam convidadas tamb\u00e9m. Luisa aceita a proposta de emprego de Pendleton e come\u00e7a a trabalhar na 0110. D\u00e9bora e Afonso decidem se casar, e ela distribui os convites de seu casamento. Bento e Filipa come\u00e7am a se aproximar.<\/p>\n<p>Os alunos jogam bastante Vetherna, e as notas deles caem. Hel\u00f3 diz que quem ficar de recupera\u00e7\u00e3o n\u00e3o ir\u00e1 para o Campo de F\u00e9rias. Gabi fica ansiosa com a ida de Vini ao dentista. Poliana sugere a Ruth que apenas os alunos que se inscreveram no musical participem. Afonso convida Durval para ser padrinho de seu casamento, o padeiro diz que o rapaz est\u00e1 se precipitando. Branca e Ant\u00f4nio contam a Nancy que est\u00e3o namorando. Brenda e Jeff decidem ir \u00e0 festa de Filipa juntos.<\/p>\n<p>No jogo Vetherna, Pendleton recebe uma mensagem de um jogador an\u00f4nimo que diz saber que ele \u00e9 OTTO. Todos ficam surpresos ao verem Vini na escola sem o aparelho. Guilherme e Raquel terminam o namoro. Lindomar compartilha sua lembran\u00e7a com Jeff. Lorena passa a fazer aulas de bal\u00e9. Waldisney descobre que Jeff invadiu o sistema da 0110, e o amea\u00e7a. Poliana e Kessya encontram a estatueta. Pendleton tenta descobrir a identidade do jogador an\u00f4nimo. Gabi e Arlete ajudam Vini a mudar radicalmente seu visual.<\/p>\n<p>(*) edi\u00e7\u00e3o do SBT, Novela \u201cAs Aventuras de Poliana\u201d, sujeito a altera\u00e7\u00e3o de data e conte\u00fado.<\/p>\n<p>Poliana \u00e9 uma menina extrovertida e de bom cora\u00e7\u00e3o que viajava o Brasil com seus pais, Lorenzo e Alice, no grupo circense Trupe Vagalume. Aos onze anos a garota v\u00ea seu mundo desabar quando seus pais falecem e ela tem que ir morar em S\u00e3o Paulo com sua tia Lu\u00edsa, uma mulher rica e severa, a qual ela n\u00e3o conhecia e que n\u00e3o queria cuidar dela, embora sinta que \u00e9 sua obriga\u00e7\u00e3o pela alma de sua irm\u00e3. Apesar do jeito da rigidez da tia, Poliana decide ter uma vis\u00e3o positiva e inabal\u00e1vel da vida, mesmo nos momentos de dificuldade, tentando levar um pouco de felicidade para a vida de cada um dos seus novos amigos e vizinhos, como o Sr. Pendleton, um homem rico e infeliz por nunca ter tido filhos. Ela vai estudar no col\u00e9gio de Ruth, uma diretora de bom cora\u00e7\u00e3o que a ajuda a se adaptar, mas tem que lidar com as vilanias de Mirela, garota mais velha que n\u00e3o aceita perder a popularidade para uma novata.<\/p>\n","protected":false},"excerpt":{"rendered":"<p>Resumo novela \u201cAs Aventuras de Poliana\u201d 25\/07: no cap\u00edtulo 312(*) da novela, resumo de quinta-feira, 25 de julho, ap\u00f3s aparecer no \u201cPrograma do Ratinho\u201d, Lindomar fica famoso na comunidade. Filipa fica muito feliz e decide dar uma festa para comemorar seus 200 mil seguidores. Salvador faz os preparativos para sua exposi\u00e7\u00e3o na galeria de Gloria. [&hellip;]<\/p>\n","protected":false},"author":4,"featured_media":148663,"comment_status":"open","ping_status":"closed","sticky":false,"template":"","format":"standard","meta":{"tdm_status":"","tdm_grid_status":"","footnotes":""},"categories":[477,379,372,343],"tags":[441],"class_list":{"0":"post-179549","1":"post","2":"type-post","3":"status-publish","4":"format-standard","5":"has-post-thumbnail","7":"category-as-aventuras-de-poliana","8":"category-novelas","9":"category-sbt","10":"category-televisao","11":"tag-resumo-do-dia"},"_links":{"self":[{"href":"https:\/\/migracao.redenoticia.com.br\/noticia\/wp-json\/wp\/v2\/posts\/179549","targetHints":{"allow":["GET"]}}],"collection":[{"href":"https:\/\/migracao.redenoticia.com.br\/noticia\/wp-json\/wp\/v2\/posts"}],"about":[{"href":"https:\/\/migracao.redenoticia.com.br\/noticia\/wp-json\/wp\/v2\/types\/post"}],"author":[{"embeddable":true,"href":"https:\/\/migracao.redenoticia.com.br\/noticia\/wp-json\/wp\/v2\/users\/4"}],"replies":[{"embeddable":true,"href":"https:\/\/migracao.redenoticia.com.br\/noticia\/wp-json\/wp\/v2\/comments?post=179549"}],"version-history":[{"count":0,"href":"https:\/\/migracao.redenoticia.com.br\/noticia\/wp-json\/wp\/v2\/posts\/179549\/revisions"}],"wp:featuredmedia":[{"embeddable":true,"href":"https:\/\/migracao.redenoticia.com.br\/noticia\/wp-json\/wp\/v2\/media\/148663"}],"wp:attachment":[{"href":"https:\/\/migracao.redenoticia.com.br\/noticia\/wp-json\/wp\/v2\/media?parent=179549"}],"wp:term":[{"taxonomy":"category","embeddable":true,"href":"https:\/\/migracao.redenoticia.com.br\/noticia\/wp-json\/wp\/v2\/categories?post=179549"},{"taxonomy":"post_tag","embeddable":true,"href":"https:\/\/migracao.redenoticia.com.br\/noticia\/wp-json\/wp\/v2\/tags?post=179549"}],"curies":[{"name":"wp","href":"https:\/\/api.w.org\/{rel}","templated":true}]}}