{"id":179551,"date":"2019-07-24T16:05:58","date_gmt":"2019-07-24T19:05:58","guid":{"rendered":"https:\/\/www.redenoticia.com.br\/noticia\/?p=179551"},"modified":"2019-07-24T16:06:05","modified_gmt":"2019-07-24T19:06:05","slug":"resumo-novela-cumplices-de-um-resgate-25-07-isabela-descobre-que-regina-pensa-que-ela-esta-morta","status":"publish","type":"post","link":"https:\/\/migracao.redenoticia.com.br\/noticia\/2019\/resumo-novela-cumplices-de-um-resgate-25-07-isabela-descobre-que-regina-pensa-que-ela-esta-morta\/179551","title":{"rendered":"Resumo novela \u201cC\u00famplices de um Resgate\u201d 25\/07: Isabela descobre que Regina pensa que ela est\u00e1 morta"},"content":{"rendered":"<p><img loading=\"lazy\" decoding=\"async\" class=\"aligncenter size-large wp-image-164526\" src=\"https:\/\/migracao.redenoticia.com.br\/noticia\/imagens\/cumplices-de-um-resgate-001-316x300.jpg\" alt=\"\" width=\"316\" height=\"300\" srcset=\"https:\/\/migracao.redenoticia.com.br\/noticia\/imagens\/cumplices-de-um-resgate-001-316x300.jpg 316w, https:\/\/migracao.redenoticia.com.br\/noticia\/imagens\/cumplices-de-um-resgate-001-197x187.jpg 197w, https:\/\/migracao.redenoticia.com.br\/noticia\/imagens\/cumplices-de-um-resgate-001-150x143.jpg 150w, https:\/\/migracao.redenoticia.com.br\/noticia\/imagens\/cumplices-de-um-resgate-001.jpg 526w\" sizes=\"auto, (max-width: 316px) 100vw, 316px\" \/> Resumo novela \u201cC\u00famplices de um Resgate\u201d 25\/07: no cap\u00edtulo 144(*) da novela, quinta-feira, 25 de julho, Ot\u00e1vio leva Rebeca para o jantar surpresa que preparou em seu escrit\u00f3rio. Of\u00e9lio mostra para Manuela um v\u00eddeo da banda do vilarejo tocando na festa de Omar. No jantar Ot\u00e1vio e Rebeca tem uma discuss\u00e3o, pois ele reclama que ela n\u00e3o passa muito tempo com ele devido a busca por sua filha. Ela fica chateada, se levanta e sai da mesa. Mateus e D\u00f3ris viram a noite fazendo vestidos de boneca para vender. Na escola, os irm\u00e3os ficam com muito sono. Omar zomba de Mateus pela demiss\u00e3o de seu pai. Regina vai ao hospital ter informa\u00e7\u00f5es sobre Isabela. Como a menina deu um nome falso, ela n\u00e3o consegue saber nada. No entanto, a recepcionista diz que deu entrada uma menina indigente chamada Isabela que faleceu. Ot\u00e1vio conta para Frederico sobre a briga do jantar e diz que est\u00e1 cansado de correr atr\u00e1s de Rebeca. Omar mente para T\u00e9o e diz que n\u00e3o tentou fazer ele cair no lago.<\/p>\n<p>T\u00e9o acredita. Rebeca vai ao vilarejo pedir conselhos para sua m\u00e3e. Nina recomenda que ela d\u00ea espa\u00e7o para Ot\u00e1vio ajud\u00e1-la. O carrinho de entregas da sorveteria fica pronto e Giuseppe delega as entregas para Nico. D\u00f3ris o acompanha para vender seus vestidinhos. Manuela conta para seus amigos da banda que Laura viu Isabela no hospital e, provavelmente, Regina sabe disso. Felipe decide escutar a conversa de Regina com Geraldo por tr\u00e1s da porta e ouve a mo\u00e7a dizer que acredita que Isabela faleceu. Lu\u00eds diz a seus filhos que n\u00e3o quer que eles trabalhem, pois s\u00e3o crian\u00e7as.<\/p>\n<p>Omar cobra que Erm\u00ednio sacrifique seu cavalo logo, se n\u00e3o, estar\u00e1 demitido. Safira v\u00ea Ot\u00e1vio abatido e o convida para jantar quando ele quiser. Manuela conta para Isabela que Regina pensa que ela est\u00e1 morta. Isabela decide se aproveitar disso para assustar Regina, se passando por fantasma. D\u00f3ris e Mateus v\u00e3o a igreja orar por seu pai. Pastor Augusto diz para eles esperarem o agir de Deus. Erm\u00ednio decide n\u00e3o sacrificar o cavalo e o liberta. Os irm\u00e3os Vaz percebem que est\u00e3o sem \u00e1gua em casa. Of\u00e9lio vai ao por\u00e3o ver se Isabela est\u00e1 melhor e a menina conta seu plano para ele.<\/p>\n<p>(*) edi\u00e7\u00e3o do SBT, Novela \u201cC\u00famplices de um Resgate\u201d, sujeito a altera\u00e7\u00e3o de data e conte\u00fado.<\/p>\n","protected":false},"excerpt":{"rendered":"<p>Resumo novela \u201cC\u00famplices de um Resgate\u201d 25\/07: no cap\u00edtulo 144(*) da novela, quinta-feira, 25 de julho, Ot\u00e1vio leva Rebeca para o jantar surpresa que preparou em seu escrit\u00f3rio. Of\u00e9lio mostra para Manuela um v\u00eddeo da banda do vilarejo tocando na festa de Omar. No jantar Ot\u00e1vio e Rebeca tem uma discuss\u00e3o, pois ele reclama que [&hellip;]<\/p>\n","protected":false},"author":4,"featured_media":164526,"comment_status":"open","ping_status":"closed","sticky":false,"template":"","format":"standard","meta":{"tdm_status":"","tdm_grid_status":"","footnotes":""},"categories":[379,372,343],"tags":[441],"class_list":{"0":"post-179551","1":"post","2":"type-post","3":"status-publish","4":"format-standard","5":"has-post-thumbnail","7":"category-novelas","8":"category-sbt","9":"category-televisao","10":"tag-resumo-do-dia"},"_links":{"self":[{"href":"https:\/\/migracao.redenoticia.com.br\/noticia\/wp-json\/wp\/v2\/posts\/179551","targetHints":{"allow":["GET"]}}],"collection":[{"href":"https:\/\/migracao.redenoticia.com.br\/noticia\/wp-json\/wp\/v2\/posts"}],"about":[{"href":"https:\/\/migracao.redenoticia.com.br\/noticia\/wp-json\/wp\/v2\/types\/post"}],"author":[{"embeddable":true,"href":"https:\/\/migracao.redenoticia.com.br\/noticia\/wp-json\/wp\/v2\/users\/4"}],"replies":[{"embeddable":true,"href":"https:\/\/migracao.redenoticia.com.br\/noticia\/wp-json\/wp\/v2\/comments?post=179551"}],"version-history":[{"count":0,"href":"https:\/\/migracao.redenoticia.com.br\/noticia\/wp-json\/wp\/v2\/posts\/179551\/revisions"}],"wp:featuredmedia":[{"embeddable":true,"href":"https:\/\/migracao.redenoticia.com.br\/noticia\/wp-json\/wp\/v2\/media\/164526"}],"wp:attachment":[{"href":"https:\/\/migracao.redenoticia.com.br\/noticia\/wp-json\/wp\/v2\/media?parent=179551"}],"wp:term":[{"taxonomy":"category","embeddable":true,"href":"https:\/\/migracao.redenoticia.com.br\/noticia\/wp-json\/wp\/v2\/categories?post=179551"},{"taxonomy":"post_tag","embeddable":true,"href":"https:\/\/migracao.redenoticia.com.br\/noticia\/wp-json\/wp\/v2\/tags?post=179551"}],"curies":[{"name":"wp","href":"https:\/\/api.w.org\/{rel}","templated":true}]}}