{"id":179559,"date":"2019-07-24T16:10:12","date_gmt":"2019-07-24T19:10:12","guid":{"rendered":"https:\/\/www.redenoticia.com.br\/noticia\/?p=179559"},"modified":"2019-07-24T16:10:21","modified_gmt":"2019-07-24T19:10:21","slug":"resumo-novela-verao-90-25-07-jeronimo-escreve-roteiro-de-um-filme","status":"publish","type":"post","link":"https:\/\/migracao.redenoticia.com.br\/noticia\/2019\/resumo-novela-verao-90-25-07-jeronimo-escreve-roteiro-de-um-filme\/179559","title":{"rendered":"Resumo novela \u201cVer\u00e3o 90\u201d 25\/07: Jer\u00f4nimo escreve roteiro de um filme"},"content":{"rendered":"<p><em><strong><img loading=\"lazy\" decoding=\"async\" class=\"aligncenter size-large wp-image-167197\" src=\"https:\/\/migracao.redenoticia.com.br\/noticia\/imagens\/verao-90-001-299x300.jpg\" alt=\"\" width=\"299\" height=\"300\" srcset=\"https:\/\/migracao.redenoticia.com.br\/noticia\/imagens\/verao-90-001-299x300.jpg 299w, https:\/\/migracao.redenoticia.com.br\/noticia\/imagens\/verao-90-001-186x187.jpg 186w, https:\/\/migracao.redenoticia.com.br\/noticia\/imagens\/verao-90-001-560x562.jpg 560w, https:\/\/migracao.redenoticia.com.br\/noticia\/imagens\/verao-90-001.jpg 614w\" sizes=\"auto, (max-width: 299px) 100vw, 299px\" \/>Resumo novela \u201cVer\u00e3o 90\u201d 25\/07<\/strong><\/em> : no cap\u00edtulo 153(*) da novela, resumo quinta-feira, 25 de julho, n\u00e3o ser\u00e1 divulgado. Jer\u00f4nimo \u00e9 condenado a seis anos de pris\u00e3o. Jer\u00f4nimo consegue liberdade provis\u00f3ria e passa a trabalhar no restaurante de sua m\u00e3e. Ele escreve o roteiro de um filme sobre a hist\u00f3ria do conjunto Patotinha M\u00e1gica. Jo\u00e3o e Manu perdoam Jer\u00f4nimo, trabalham juntos no projeto e ele se prepara para ser padrinho de casamento do irm\u00e3o. Herculano aparece na pr\u00e9-estreia e o filme faz sucesso. Jer\u00f4nimo come\u00e7a a namorar Helena e a apresenta para Janaina. Jana\u00edna comemora com Janice.<\/p>\n<p>Mercedes \u00e9 extorquida por Figueirinha. A vil\u00e3 perde seu dinheiro, hotel e apartamento. Ap\u00f3s uma passagem de tempo, ela aparece vendendo perfumes, objetos antigos e at\u00e9 um quadro falsificado, em uma banquinha de camel\u00f4. Mercedes volta para casa, no conjunto habitacional. Marta, sua antiga empregada, cobra o aluguel atrasado.<\/p>\n<p>(*) edi\u00e7\u00e3o da Rede Globo, Novela \u201cVer\u00e3o 90\u201d, sujeito a altera\u00e7\u00e3o de data e conte\u00fado.<\/p>\n<p>Sinopse \u201cVer\u00e3o 90\u201d: O Rio de Janeiro da d\u00e9cada de 1990, a cultura efervescente da \u00e9poca, os acontecimentos sociais e pol\u00edticos, a m\u00fasica e a moda est\u00e3o presentes em \u2018Ver\u00e3o 90\u2019, uma com\u00e9dia rom\u00e2ntica, solar e musical, escrita por Izabel de Oliveira e Paula Amaral, com dire\u00e7\u00e3o art\u00edstica de Jorge Fernando. A pr\u00f3xima novela das sete vai mostrar a trajet\u00f3ria de tr\u00eas ex-astros mirins e suas m\u00e3es batalhadoras, Lidiane (Claudia Raia) e Jana\u00edna (Dira Paes), cada uma a seu modo. A previs\u00e3o de estreia \u00e9 para o in\u00edcio de 2019. A hist\u00f3ria rom\u00e2ntica e musical que tem como protagonistas o trio Jo\u00e3o (Jo\u00e3o Bravo\/Rafael Vitti), Manuzita (Melissa N\u00f3brega\/Isabelle Drummond) e Jer\u00f4nimo (Diogo Caruso\/Jesu\u00edta Barbosa).<\/p>\n","protected":false},"excerpt":{"rendered":"<p>Resumo novela \u201cVer\u00e3o 90\u201d 25\/07 : no cap\u00edtulo 153(*) da novela, resumo quinta-feira, 25 de julho, n\u00e3o ser\u00e1 divulgado. Jer\u00f4nimo \u00e9 condenado a seis anos de pris\u00e3o. Jer\u00f4nimo consegue liberdade provis\u00f3ria e passa a trabalhar no restaurante de sua m\u00e3e. Ele escreve o roteiro de um filme sobre a hist\u00f3ria do conjunto Patotinha M\u00e1gica. Jo\u00e3o [&hellip;]<\/p>\n","protected":false},"author":4,"featured_media":167198,"comment_status":"open","ping_status":"closed","sticky":false,"template":"","format":"standard","meta":{"tdm_status":"","tdm_grid_status":"","footnotes":""},"categories":[379,375,343,536],"tags":[441],"class_list":{"0":"post-179559","1":"post","2":"type-post","3":"status-publish","4":"format-standard","5":"has-post-thumbnail","7":"category-novelas","8":"category-rede-globo","9":"category-televisao","10":"category-verao-90","11":"tag-resumo-do-dia"},"_links":{"self":[{"href":"https:\/\/migracao.redenoticia.com.br\/noticia\/wp-json\/wp\/v2\/posts\/179559","targetHints":{"allow":["GET"]}}],"collection":[{"href":"https:\/\/migracao.redenoticia.com.br\/noticia\/wp-json\/wp\/v2\/posts"}],"about":[{"href":"https:\/\/migracao.redenoticia.com.br\/noticia\/wp-json\/wp\/v2\/types\/post"}],"author":[{"embeddable":true,"href":"https:\/\/migracao.redenoticia.com.br\/noticia\/wp-json\/wp\/v2\/users\/4"}],"replies":[{"embeddable":true,"href":"https:\/\/migracao.redenoticia.com.br\/noticia\/wp-json\/wp\/v2\/comments?post=179559"}],"version-history":[{"count":0,"href":"https:\/\/migracao.redenoticia.com.br\/noticia\/wp-json\/wp\/v2\/posts\/179559\/revisions"}],"wp:featuredmedia":[{"embeddable":true,"href":"https:\/\/migracao.redenoticia.com.br\/noticia\/wp-json\/wp\/v2\/media\/167198"}],"wp:attachment":[{"href":"https:\/\/migracao.redenoticia.com.br\/noticia\/wp-json\/wp\/v2\/media?parent=179559"}],"wp:term":[{"taxonomy":"category","embeddable":true,"href":"https:\/\/migracao.redenoticia.com.br\/noticia\/wp-json\/wp\/v2\/categories?post=179559"},{"taxonomy":"post_tag","embeddable":true,"href":"https:\/\/migracao.redenoticia.com.br\/noticia\/wp-json\/wp\/v2\/tags?post=179559"}],"curies":[{"name":"wp","href":"https:\/\/api.w.org\/{rel}","templated":true}]}}