{"id":17958,"date":"2009-11-19T21:16:51","date_gmt":"2009-11-20T01:16:51","guid":{"rendered":"http:\/\/www.redenoticia.com.br\/noticia\/?p=17958"},"modified":"2009-11-19T21:16:51","modified_gmt":"2009-11-20T01:16:51","slug":"rajadas-de-vento-chegaram-a-126kmh-em-chapeco-sc","status":"publish","type":"post","link":"https:\/\/migracao.redenoticia.com.br\/noticia\/2009\/rajadas-de-vento-chegaram-a-126kmh-em-chapeco-sc\/17958","title":{"rendered":"Rajadas de vento chegaram a 126km\/h em Chapec\u00f3, SC"},"content":{"rendered":"<p>O <strong>Sul <\/strong>do pa\u00eds voltou a registrar transtornos por conta dos <strong>temporais <\/strong>nos dois \u00faltimos dias. No Rio Grande do Sul, os alagamentos obrigaram moradores a deixarem suas casas e milhares ficaram sem energia el\u00e9trica. Al\u00e9m disso, casas foram destelhadas pelos ventos e queda de granizo e \u00e1rvores foram derrubadas. De acordo com a Defesa Civil, desde o in\u00edcio de novembro, quase 40 mil pessoas j\u00e1 foram afetadas pelos eventos de chuva forte em todo o Estado.\u00a0<\/p>\n<p>Em Santa Catarina, as rajadas de vento chegaram a 126km\/h em Chapec\u00f3, no oeste do Estado. Na regi\u00e3o de Campos Novos, moradores registraram a forma\u00e7\u00e3o de um poss\u00edvel tornado que, segundo a Defesa Civil, n\u00e3o chegou a tocar o solo, j\u00e1 que n\u00e3o h\u00e1 registro de problemas na regi\u00e3o. A ventania tamb\u00e9m destelhou casas e arrancou \u00e1rvores, especialmente no oeste do Estado.<\/p>\n<p>Nesta manh\u00e3 de quinta-feira, a temperatura subiu de 23\u00b0C para 28\u00b0C em apenas 1 hora na cidade de Santa Maria, no Rio Grande do Sul. De acordo com os meteorologistas da Somar, isso aconteceu por conta dos ventos que sopram de noroeste. No decorrer do dia, o avan\u00e7o de um ciclone extratropical promete intensos temporais, especialmente no Rio Grande do Sul. Em Santa Catarina e Paran\u00e1 tamb\u00e9m h\u00e1 previs\u00e3o de chuvas, mas elas ser\u00e3o mais isoladas e com menor acumulado. Mesmo com a previs\u00e3o de chuvas em boa parte da Regi\u00e3o, o calor predomina.<\/p>\n<p>Amanh\u00e3, a frente fria avan\u00e7a na dire\u00e7\u00e3o do Estado de S\u00e3o Paulo e as chuvas atingem o Paran\u00e1, Santa Catarina e o oeste, centro e norte do Rio Grande do Sul, com destaque para os temporais no oeste, centro e norte ga\u00facho, meio oeste catarinense e noroeste paranaense. Por conta da nebulosidade, a temperatura m\u00e1xima entra em decl\u00ednio no Rio Grande do Sul e sul de Santa Catarina; j\u00e1 no Paran\u00e1, ainda faz calor, apesar da previs\u00e3o de temporais.<\/p>\n","protected":false},"excerpt":{"rendered":"<p>O Sul do pa\u00eds voltou a registrar transtornos por conta dos temporais nos dois \u00faltimos dias. No Rio Grande do Sul, os alagamentos obrigaram moradores a deixarem suas casas e milhares ficaram sem energia el\u00e9trica. Al\u00e9m disso, casas foram destelhadas pelos ventos e queda de granizo e \u00e1rvores foram derrubadas. De acordo com a Defesa [&hellip;]<\/p>\n","protected":false},"author":3,"featured_media":0,"comment_status":"open","ping_status":"open","sticky":false,"template":"","format":"standard","meta":{"tdm_status":"","tdm_grid_status":"","footnotes":""},"categories":[327],"tags":[],"class_list":{"0":"post-17958","1":"post","2":"type-post","3":"status-publish","4":"format-standard","6":"category-clima"},"_links":{"self":[{"href":"https:\/\/migracao.redenoticia.com.br\/noticia\/wp-json\/wp\/v2\/posts\/17958","targetHints":{"allow":["GET"]}}],"collection":[{"href":"https:\/\/migracao.redenoticia.com.br\/noticia\/wp-json\/wp\/v2\/posts"}],"about":[{"href":"https:\/\/migracao.redenoticia.com.br\/noticia\/wp-json\/wp\/v2\/types\/post"}],"author":[{"embeddable":true,"href":"https:\/\/migracao.redenoticia.com.br\/noticia\/wp-json\/wp\/v2\/users\/3"}],"replies":[{"embeddable":true,"href":"https:\/\/migracao.redenoticia.com.br\/noticia\/wp-json\/wp\/v2\/comments?post=17958"}],"version-history":[{"count":0,"href":"https:\/\/migracao.redenoticia.com.br\/noticia\/wp-json\/wp\/v2\/posts\/17958\/revisions"}],"wp:attachment":[{"href":"https:\/\/migracao.redenoticia.com.br\/noticia\/wp-json\/wp\/v2\/media?parent=17958"}],"wp:term":[{"taxonomy":"category","embeddable":true,"href":"https:\/\/migracao.redenoticia.com.br\/noticia\/wp-json\/wp\/v2\/categories?post=17958"},{"taxonomy":"post_tag","embeddable":true,"href":"https:\/\/migracao.redenoticia.com.br\/noticia\/wp-json\/wp\/v2\/tags?post=17958"}],"curies":[{"name":"wp","href":"https:\/\/api.w.org\/{rel}","templated":true}]}}