{"id":179596,"date":"2019-07-25T16:05:45","date_gmt":"2019-07-25T19:05:45","guid":{"rendered":"https:\/\/www.redenoticia.com.br\/noticia\/?p=179596"},"modified":"2019-07-25T16:05:53","modified_gmt":"2019-07-25T19:05:53","slug":"resumo-novela-a-dona-26-07-brenda-morre","status":"publish","type":"post","link":"https:\/\/migracao.redenoticia.com.br\/noticia\/2019\/resumo-novela-a-dona-26-07-brenda-morre\/179596","title":{"rendered":"Resumo novela \u201cA Dona\u201d 26\/07: Brenda morre"},"content":{"rendered":"<p><img loading=\"lazy\" decoding=\"async\" class=\"aligncenter size-large wp-image-173633\" src=\"https:\/\/migracao.redenoticia.com.br\/noticia\/imagens\/a-dona-270x300.jpg\" alt=\"\" width=\"270\" height=\"300\" srcset=\"https:\/\/migracao.redenoticia.com.br\/noticia\/imagens\/a-dona-270x300.jpg 270w, https:\/\/migracao.redenoticia.com.br\/noticia\/imagens\/a-dona-168x187.jpg 168w, https:\/\/migracao.redenoticia.com.br\/noticia\/imagens\/a-dona.jpg 380w\" sizes=\"auto, (max-width: 270px) 100vw, 270px\" \/>Resumo da novela <strong><em>\u201cA Dona&#8221;<\/em><\/strong> em 26\/07: no cap\u00edtulo 085(*) da novela, sexta-feira, 26 de julho, Valentina e Jos\u00e9 Miguel se beijam. Valentina responde que n\u00e3o pode ser irrespons\u00e1vel, j\u00e1 que Ivana \u00e9 sua prima. Se realmente ela estiver gr\u00e1vida, ainda que sofra, ter\u00e1 que esquecer Jos\u00e9 Miguel, pois em primeiro lugar estar\u00e1 sempre sua fam\u00edlia. Hor\u00e1cio procura Gabriela e Isabel o diz que ela n\u00e3o quer mais v\u00ea-lo. Valentina conta a Benita que terminou com Jos\u00e9 Miguel porque Ivana o ama e est\u00e1 gr\u00e1vida dele. Benita tenta alertar Valentina dizendo que Ivana \u00e9 capaz de tudo para separ\u00e1-los. Alonso visita Brenda, entrega a carta que Santiaguinho escreveu, e diz que a compensar\u00e1 por todos os anos de abandono.<\/p>\n<p>Nesse momento, Brenda tem uma parada card\u00edaca e morre. Ivana, ao ver Jos\u00e9 Miguel deprimido, oferece ajuda. Ele responde que n\u00e3o quer nada dela. Ivana, ent\u00e3o, totalmente descontrolada, diz que est\u00e1 cansada de estar sempre a sombra de Valentina. Jos\u00e9 Miguel responde que nessa hist\u00f3ria todos s\u00e3o perdedores. Ele diz que s\u00f3 n\u00e3o pode am\u00e1-la porque jamais ser\u00e1 capaz de desistir de Valentina. Alonso, chorando, diz a Santiaguinho que sua mam\u00e3e foi para o c\u00e9u, e de l\u00e1 cuidar\u00e1 dele sempre e com muito carinho.<\/p>\n<p>Jos\u00e9 Miguel pergunta a Leonor se ela j\u00e1 disse a Rodrigo que n\u00e3o o quer em suas terras. Ela responde que \u00e9 interessante t\u00ea-lo ali, pois ele entregou um estudo completo, no qual existem reais possibilidades da fazenda Montesinos se tornar a mais pr\u00f3spera de toda a regi\u00e3o. Jos\u00e9 responde que nada que venha de Rodrigo o interessa. Ivana se insinua a Rodrigo. Ele pede que ela procure outro idiota. Ivana responde que s\u00f3 precisa ter um filho para ter Jos\u00e9 Miguel de uma vez por todas, e que isso conv\u00e9m aos dois. Eles se beijam e Leonor os v\u00ea.<\/p>\n<p>(*) edi\u00e7\u00e3o do SBT, Novela \u201cA Dona\u201d, sujeito a altera\u00e7\u00e3o de data e conte\u00fado.<\/p>\n<p>Destaques<\/p>\n<p>&#8220;A Dona&#8221; &#8211; Valentina Vila\u00e7a (Lucero) \u00e9 uma mulher que tem uma grande fortuna, que seus pais deixaram para ela quando morreram em um acidente de carro. Ela tem uma mans\u00e3o na Cidade do M\u00e9xico, onde vive com sua tia Isabel Rangel de Dorantes (Silvia Pinal), e sua prima Ivana Dorantes Rangel (Gabriela Spanic) que trata Valentina com muita indiferen\u00e7a e sente inveja dela.<\/p>\n<p>Tudo muda para Valentina quando seu noivo Alonso Penalva (David Zepeda), tramando com Ivana no dia de seu casamento, a deixa esperando no altar. A partir da\u00ed, Valentina se torna uma mulher amarga, e vai para sua fazenda, no interior. Chegando l\u00e1, ela conhece seu vizinho Jos\u00e9 Miguel Montesinos (Fernando Colunga).<\/p>\n","protected":false},"excerpt":{"rendered":"<p>Resumo da novela \u201cA Dona&#8221; em 26\/07: no cap\u00edtulo 085(*) da novela, sexta-feira, 26 de julho, Valentina e Jos\u00e9 Miguel se beijam. Valentina responde que n\u00e3o pode ser irrespons\u00e1vel, j\u00e1 que Ivana \u00e9 sua prima. Se realmente ela estiver gr\u00e1vida, ainda que sofra, ter\u00e1 que esquecer Jos\u00e9 Miguel, pois em primeiro lugar estar\u00e1 sempre sua [&hellip;]<\/p>\n","protected":false},"author":4,"featured_media":173626,"comment_status":"open","ping_status":"closed","sticky":false,"template":"","format":"standard","meta":{"tdm_status":"","tdm_grid_status":"","footnotes":""},"categories":[379,372,343],"tags":[441],"class_list":{"0":"post-179596","1":"post","2":"type-post","3":"status-publish","4":"format-standard","5":"has-post-thumbnail","7":"category-novelas","8":"category-sbt","9":"category-televisao","10":"tag-resumo-do-dia"},"_links":{"self":[{"href":"https:\/\/migracao.redenoticia.com.br\/noticia\/wp-json\/wp\/v2\/posts\/179596","targetHints":{"allow":["GET"]}}],"collection":[{"href":"https:\/\/migracao.redenoticia.com.br\/noticia\/wp-json\/wp\/v2\/posts"}],"about":[{"href":"https:\/\/migracao.redenoticia.com.br\/noticia\/wp-json\/wp\/v2\/types\/post"}],"author":[{"embeddable":true,"href":"https:\/\/migracao.redenoticia.com.br\/noticia\/wp-json\/wp\/v2\/users\/4"}],"replies":[{"embeddable":true,"href":"https:\/\/migracao.redenoticia.com.br\/noticia\/wp-json\/wp\/v2\/comments?post=179596"}],"version-history":[{"count":0,"href":"https:\/\/migracao.redenoticia.com.br\/noticia\/wp-json\/wp\/v2\/posts\/179596\/revisions"}],"wp:featuredmedia":[{"embeddable":true,"href":"https:\/\/migracao.redenoticia.com.br\/noticia\/wp-json\/wp\/v2\/media\/173626"}],"wp:attachment":[{"href":"https:\/\/migracao.redenoticia.com.br\/noticia\/wp-json\/wp\/v2\/media?parent=179596"}],"wp:term":[{"taxonomy":"category","embeddable":true,"href":"https:\/\/migracao.redenoticia.com.br\/noticia\/wp-json\/wp\/v2\/categories?post=179596"},{"taxonomy":"post_tag","embeddable":true,"href":"https:\/\/migracao.redenoticia.com.br\/noticia\/wp-json\/wp\/v2\/tags?post=179596"}],"curies":[{"name":"wp","href":"https:\/\/api.w.org\/{rel}","templated":true}]}}