{"id":179602,"date":"2019-07-25T16:09:47","date_gmt":"2019-07-25T19:09:47","guid":{"rendered":"https:\/\/www.redenoticia.com.br\/noticia\/?p=179602"},"modified":"2019-07-25T16:09:51","modified_gmt":"2019-07-25T19:09:51","slug":"resumo-novela-cumplices-de-um-resgate-26-07-regina-ve-o-fantasma-de-isabela","status":"publish","type":"post","link":"https:\/\/migracao.redenoticia.com.br\/noticia\/2019\/resumo-novela-cumplices-de-um-resgate-26-07-regina-ve-o-fantasma-de-isabela\/179602","title":{"rendered":"Resumo novela \u201cC\u00famplices de um Resgate\u201d 26\/07: Regina v\u00ea o \u201cfantasma de Isabela\u201d"},"content":{"rendered":"<p><img loading=\"lazy\" decoding=\"async\" class=\"aligncenter size-large wp-image-164526\" src=\"https:\/\/migracao.redenoticia.com.br\/noticia\/imagens\/cumplices-de-um-resgate-001-316x300.jpg\" alt=\"\" width=\"316\" height=\"300\" srcset=\"https:\/\/migracao.redenoticia.com.br\/noticia\/imagens\/cumplices-de-um-resgate-001-316x300.jpg 316w, https:\/\/migracao.redenoticia.com.br\/noticia\/imagens\/cumplices-de-um-resgate-001-197x187.jpg 197w, https:\/\/migracao.redenoticia.com.br\/noticia\/imagens\/cumplices-de-um-resgate-001-150x143.jpg 150w, https:\/\/migracao.redenoticia.com.br\/noticia\/imagens\/cumplices-de-um-resgate-001.jpg 526w\" sizes=\"auto, (max-width: 316px) 100vw, 316px\" \/> Resumo novela \u201cC\u00famplices de um Resgate\u201d 26\/07: no cap\u00edtulo 145(*) da novela, sexta-feira, 26 de julho, falta \u00e1gua no condom\u00ednio. Meire diz aos moradores que haver\u00e1 racionamento devido \u00e0 escassez na cidade. Isabela d\u00e1 in\u00edcio a seu plano de assustar Regina. Priscila reclama com seus av\u00f3s sobre a divulga\u00e7\u00e3o da banda. Ot\u00e1vio continua firme em sua decis\u00e3o de n\u00e3o ligar para Rebeca. Pedro e Helena deixam Augusto e Fl\u00e1via a s\u00f3s na cl\u00ednica veterin\u00e1ria para continuarem a escrever a pe\u00e7a. Omar vai a sapataria, pede para Mateus engraxar seu sapato e o humilha. D\u00f3ris l\u00ea a f\u00e1bula \u201cJo\u00e3o e o P\u00e9 de Feij\u00e3o\u201d e fica encantada com possibilidade de ter feij\u00f5es m\u00e1gicos para ajudar sua fam\u00edlia. Regina fica assustada com uma voz chamando seu nome e vai ao por\u00e3o ver se Manuela est\u00e1 l\u00e1.<\/p>\n<p>Sabrina ouve D\u00f3ris dizer a T\u00e9o que gostaria de comprar feij\u00f5es m\u00e1gicos. Fiorina vai a cl\u00ednica veterin\u00e1ria, pastor Augusto se esconde e ela encontra Fl\u00e1via sozinha. Sabrina conta para Omar o que ouviu da conversa de D\u00f3ris. Omar combina com um amigo, que oferece feij\u00f5es m\u00e1gicos para D\u00f3ris. A menina d\u00e1 todo o dinheiro que conseguiu para ter os feij\u00f5es. Vargas dorme, Marina pega o celular dele e liga para Of\u00e9lio para saber de Isabela. Rebeca vai ao escrit\u00f3rio de Ot\u00e1vio para fazer as pazes. D\u00f3ris planta os feij\u00f5es em frente \u00e0 sua casa. Regina v\u00ea o \u201cfantasma de Isabela\u201d e morre de medo.<\/p>\n<p>(*) edi\u00e7\u00e3o do SBT, Novela \u201cC\u00famplices de um Resgate\u201d, sujeito a altera\u00e7\u00e3o de data e conte\u00fado.<\/p>\n","protected":false},"excerpt":{"rendered":"<p>Resumo novela \u201cC\u00famplices de um Resgate\u201d 26\/07: no cap\u00edtulo 145(*) da novela, sexta-feira, 26 de julho, falta \u00e1gua no condom\u00ednio. Meire diz aos moradores que haver\u00e1 racionamento devido \u00e0 escassez na cidade. Isabela d\u00e1 in\u00edcio a seu plano de assustar Regina. Priscila reclama com seus av\u00f3s sobre a divulga\u00e7\u00e3o da banda. Ot\u00e1vio continua firme em [&hellip;]<\/p>\n","protected":false},"author":4,"featured_media":164526,"comment_status":"open","ping_status":"closed","sticky":false,"template":"","format":"standard","meta":{"tdm_status":"","tdm_grid_status":"","footnotes":""},"categories":[379,372,343],"tags":[441],"class_list":{"0":"post-179602","1":"post","2":"type-post","3":"status-publish","4":"format-standard","5":"has-post-thumbnail","7":"category-novelas","8":"category-sbt","9":"category-televisao","10":"tag-resumo-do-dia"},"_links":{"self":[{"href":"https:\/\/migracao.redenoticia.com.br\/noticia\/wp-json\/wp\/v2\/posts\/179602","targetHints":{"allow":["GET"]}}],"collection":[{"href":"https:\/\/migracao.redenoticia.com.br\/noticia\/wp-json\/wp\/v2\/posts"}],"about":[{"href":"https:\/\/migracao.redenoticia.com.br\/noticia\/wp-json\/wp\/v2\/types\/post"}],"author":[{"embeddable":true,"href":"https:\/\/migracao.redenoticia.com.br\/noticia\/wp-json\/wp\/v2\/users\/4"}],"replies":[{"embeddable":true,"href":"https:\/\/migracao.redenoticia.com.br\/noticia\/wp-json\/wp\/v2\/comments?post=179602"}],"version-history":[{"count":0,"href":"https:\/\/migracao.redenoticia.com.br\/noticia\/wp-json\/wp\/v2\/posts\/179602\/revisions"}],"wp:featuredmedia":[{"embeddable":true,"href":"https:\/\/migracao.redenoticia.com.br\/noticia\/wp-json\/wp\/v2\/media\/164526"}],"wp:attachment":[{"href":"https:\/\/migracao.redenoticia.com.br\/noticia\/wp-json\/wp\/v2\/media?parent=179602"}],"wp:term":[{"taxonomy":"category","embeddable":true,"href":"https:\/\/migracao.redenoticia.com.br\/noticia\/wp-json\/wp\/v2\/categories?post=179602"},{"taxonomy":"post_tag","embeddable":true,"href":"https:\/\/migracao.redenoticia.com.br\/noticia\/wp-json\/wp\/v2\/tags?post=179602"}],"curies":[{"name":"wp","href":"https:\/\/api.w.org\/{rel}","templated":true}]}}