{"id":17961,"date":"2009-11-19T21:20:43","date_gmt":"2009-11-20T01:20:43","guid":{"rendered":"http:\/\/www.redenoticia.com.br\/noticia\/?p=17961"},"modified":"2009-11-19T21:20:43","modified_gmt":"2009-11-20T01:20:43","slug":"clima-poluicao-e-medicina-por-paulo-saraiva-e-jose-amaral","status":"publish","type":"post","link":"https:\/\/migracao.redenoticia.com.br\/noticia\/2009\/clima-poluicao-e-medicina-por-paulo-saraiva-e-jose-amaral\/17961","title":{"rendered":"Clima, polui\u00e7\u00e3o e medicina &#8211; por Paulo Saraiva e Jos\u00e9 Amaral"},"content":{"rendered":"<p>Em outubro de 2009, na Assembleia Geral da Associa\u00e7\u00e3o M\u00e9dica Mundial (WMA), foi aprovada a <strong><em>Declara\u00e7\u00e3o de Deli<\/em><\/strong>, pol\u00edtica de recomenda\u00e7\u00f5es produzida pela WMA sobre mudan\u00e7as clim\u00e1ticas e seus impactos na sa\u00fade humana. O documento ser\u00e1 lan\u00e7ado na Confer\u00eancia Doutores do Ambiente, que acontecer\u00e1 em 28 de novembro, no Teatro da Faculdade de Medicina da USP.<\/p>\n<p>O planeta j\u00e1 apresenta v\u00e1rios sinais e sintomas de doen\u00e7a. Febre Progressiva, pelo aquecimento da Terra; depend\u00eancia f\u00edsica de petr\u00f3leo; obesidade, por consumirmos energia em excesso; dispneia pela contamina\u00e7\u00e3o da atmosfera por poluentes; obstru\u00e7\u00e3o arterial difusa, por congestionamentos intermin\u00e1veis; insufici\u00eancia renal, por n\u00e3o conseguirmos eliminar adequadamente os nossos res\u00edduos; diabetes, caracterizado pela incapacidade de aproveitar plenamente as fontes energ\u00e9ticas que dispomos.<\/p>\n<p>Exames mais detalhados revelariam tremores de terra ocasionais, edema pela eleva\u00e7\u00e3o dos mares e chuvas torrenciais, alop\u00e9cia por desmatamento, obstipa\u00e7\u00e3o pelo despejo de esgoto nos rios e, por que n\u00e3o confessar, flatul\u00eancia, eliminada de tempos em tempo, indiscreta e despudoradamente, sob a forma de tornados e tuf\u00f5es. Acrescenta-se a tudo confus\u00e3o mental, que nos impede de avaliar adequadamente a gravidade da situa\u00e7\u00e3o. Finalmente, temos que admitir impot\u00eancia ante a este estado de coisas.<\/p>\n<p>\u00c9 imperativo que os profissionais da sa\u00fade tenham uma atitude mais ativa, auxiliando a elabora\u00e7\u00e3o de a\u00e7\u00f5es voltadas \u00e0 sustentabilidade, que deveriam obedecer aos seguintes par\u00e2metros: esclarecimento aos pacientes, exemplos, parcerias, limites, \u00e9tica e coragem.<\/p>\n<p>Os pacientes devem ser informados que medidas voltadas para ado\u00e7\u00e3o de pr\u00e1ticas com menor demanda energ\u00e9tica promovem benef\u00edcios imediatos e significativos \u00e0 sa\u00fade daqueles que as adotam. Atividades como caminhar e andar de bicicleta diminuem o risco de doen\u00e7as cardiovasculares.<\/p>\n<p>Ao reduzir o consumo de energia dentro de casa e incentivar o h\u00e1bito nos locais de trabalho, os m\u00e9dicos exercem lideran\u00e7a pelo exemplo. \u00c9 poss\u00edvel agir como parceiros da sociedade civil propondo a\u00e7\u00f5es de mitiga\u00e7\u00e3o das emiss\u00f5es de poluentes e adapta\u00e7\u00e3o ante aos impactos ambientais.<\/p>\n<p>Os m\u00e9dicos devem promover o conceito de limites respons\u00e1veis do uso de energia, expor claramente as quest\u00f5es de \u00e9tica ambiental e mostrar que as altera\u00e7\u00f5es da atmosfera afligem com maior intensidade os segmentos menos favorecidos da sociedade. Finalmente, h\u00e1 que se robustecer a coragem para enfrentar o futuro debate no campo das ideias e da litig\u00e2ncia com importantes setores da economia e da pol\u00edtica.<\/p>\n<p>A respeitabilidade nos confere obriga\u00e7\u00e3o para agirmos. Caso n\u00e3o iniciemos o processo agora, poderemos, mais tarde, ser culpados do pecado da omiss\u00e3o.<\/p>\n<p>* Paulo Saldiva, m\u00e9dico, chefe do Servi\u00e7o de Patologia do Instituto do Cora\u00e7\u00e3o da Faculdade de Medicina da USP e coordenador do Instituto Nacional de An\u00e1lise Integrada do Risco Ambiental do Conselho Nacional de Pesquisas<\/p>\n<p>* Jos\u00e9 Luiz Gomes do Amaral, m\u00e9dico, professor titular da disciplina de anestesiologia da Unifesp e presidente da Associa\u00e7\u00e3o M\u00e9dica Brasileira<\/p>\n","protected":false},"excerpt":{"rendered":"<p>Em outubro de 2009, na Assembleia Geral da Associa\u00e7\u00e3o M\u00e9dica Mundial (WMA), foi aprovada a Declara\u00e7\u00e3o de Deli, pol\u00edtica de recomenda\u00e7\u00f5es produzida pela WMA sobre mudan\u00e7as clim\u00e1ticas e seus impactos na sa\u00fade humana. O documento ser\u00e1 lan\u00e7ado na Confer\u00eancia Doutores do Ambiente, que acontecer\u00e1 em 28 de novembro, no Teatro da Faculdade de Medicina da [&hellip;]<\/p>\n","protected":false},"author":3,"featured_media":0,"comment_status":"open","ping_status":"open","sticky":false,"template":"","format":"standard","meta":{"tdm_status":"","tdm_grid_status":"","footnotes":""},"categories":[327],"tags":[],"class_list":{"0":"post-17961","1":"post","2":"type-post","3":"status-publish","4":"format-standard","6":"category-clima"},"_links":{"self":[{"href":"https:\/\/migracao.redenoticia.com.br\/noticia\/wp-json\/wp\/v2\/posts\/17961","targetHints":{"allow":["GET"]}}],"collection":[{"href":"https:\/\/migracao.redenoticia.com.br\/noticia\/wp-json\/wp\/v2\/posts"}],"about":[{"href":"https:\/\/migracao.redenoticia.com.br\/noticia\/wp-json\/wp\/v2\/types\/post"}],"author":[{"embeddable":true,"href":"https:\/\/migracao.redenoticia.com.br\/noticia\/wp-json\/wp\/v2\/users\/3"}],"replies":[{"embeddable":true,"href":"https:\/\/migracao.redenoticia.com.br\/noticia\/wp-json\/wp\/v2\/comments?post=17961"}],"version-history":[{"count":0,"href":"https:\/\/migracao.redenoticia.com.br\/noticia\/wp-json\/wp\/v2\/posts\/17961\/revisions"}],"wp:attachment":[{"href":"https:\/\/migracao.redenoticia.com.br\/noticia\/wp-json\/wp\/v2\/media?parent=17961"}],"wp:term":[{"taxonomy":"category","embeddable":true,"href":"https:\/\/migracao.redenoticia.com.br\/noticia\/wp-json\/wp\/v2\/categories?post=17961"},{"taxonomy":"post_tag","embeddable":true,"href":"https:\/\/migracao.redenoticia.com.br\/noticia\/wp-json\/wp\/v2\/tags?post=17961"}],"curies":[{"name":"wp","href":"https:\/\/api.w.org\/{rel}","templated":true}]}}