{"id":179624,"date":"2019-08-16T22:59:06","date_gmt":"2019-08-17T01:59:06","guid":{"rendered":"https:\/\/www.redenoticia.com.br\/noticia\/?p=179624"},"modified":"2019-08-19T23:17:36","modified_gmt":"2019-08-20T02:17:36","slug":"novela-a-dona-do-pedaco-maria-da-paz-e-presa","status":"publish","type":"post","link":"https:\/\/migracao.redenoticia.com.br\/noticia\/2019\/novela-a-dona-do-pedaco-maria-da-paz-e-presa\/179624","title":{"rendered":"Novela &#8220;A Dona do Peda\u00e7o\u201d: Maria da Paz \u00e9 presa"},"content":{"rendered":"<p><strong><em><img loading=\"lazy\" decoding=\"async\" class=\"aligncenter size-large wp-image-178249\" src=\"https:\/\/migracao.redenoticia.com.br\/noticia\/imagens\/A-Dona-do-Pedaco-globo-21-300x300.jpg\" alt=\"\" width=\"300\" height=\"300\" srcset=\"https:\/\/migracao.redenoticia.com.br\/noticia\/imagens\/A-Dona-do-Pedaco-globo-21-300x300.jpg 300w, https:\/\/migracao.redenoticia.com.br\/noticia\/imagens\/A-Dona-do-Pedaco-globo-21-187x187.jpg 187w, https:\/\/migracao.redenoticia.com.br\/noticia\/imagens\/A-Dona-do-Pedaco-globo-21.jpg 563w\" sizes=\"auto, (max-width: 300px) 100vw, 300px\" \/>&nbsp;<\/em><\/strong><\/p>\n<p><strong><em>Novela &#8220;A Dona do Peda\u00e7o\u201d:<\/em><\/strong> Maria da Paz (Juliana Paes) pega R\u00e9gis (Reynaldo Gianecchini) com Josiane (Agatha Moreira) e grita: &#8221; Larga minha filha, desgra\u00e7ado, larga &#8230; C\u00ea seduziu minha filha, desgra\u00e7ado &#8230; R\u00e9gis, c\u00ea se aproximou de mim com muita conversa, muito l\u00ea-l\u00ea-l\u00ea, como eu fui burra de achar que um homem fino, elegante, ia se apaixonar por mim&#8230; Ia casar comigo&#8230; Eu vou resolver essa situa\u00e7\u00e3o como minha fam\u00edlia sempre resolveu&#8230; Toma, R\u00e9gis, toma &#8230; Toma, canalha!&#8221;. Ela dispara sua arma.<\/p>\n<p>R\u00e9gis cai e Josiane o socorre.&nbsp;Camilo (Lee Taylor) chega e Maria confessa: &#8220;Eu atirei. Atirava outra vez&#8221;, repetir\u00e1 Maria da Paz. &#8220;Entregue a arma por favor. A senhora est\u00e1 presa&#8221;. Josiane acusa Maria: &#8220;Ela atirou sim. No R\u00e9gis. Se ele morrer, ela \u00e9 culpada&#8221;. Maria da Paz \u00e9 presa. T\u00e9o (Rainer Cadete) visita Maria na cadeia e revela: \u201cO R\u00e9gis e ela tavam de acordo, faz tempo\u2026 Eles tinham um caso, Maria da Paz. Ela me enrolou\u2026 me usou como fachada\u2026\u201d. Amadeu (Marcos Palmeira) consegue um habeas corpus e a liberta. R\u00e9gis se recupera sem sequelas. Cena prevista para dia 19 de agosto na novela \u201cA Dona do Peda\u00e7o\u201d.<\/p>\n<p>Destaques<\/p>\n<p>Sinopse \u201cA Dona do Peda\u00e7o\u201d: a novela enaltece a trajet\u00f3ria de Maria da Paz (Juliana Paes), uma jovem humilde, da cidade fict\u00edcia de Rio Vermelho, no Esp\u00edrito Santo. Maria vem de uma fam\u00edlia de justiceiros profissionais, os Ramirez, e se apaixona justamente por Amadeu (Marcos Palmeira), advogado formado em Vit\u00f3ria e membro do cl\u00e3 rival nos neg\u00f3cios, os Matheus. A trama, dividida em um pr\u00f3logo e duas fases, traz uma hist\u00f3ria de amor com elementos \u00e0 Romeu e Julieta, sem perder o humor, que permeia todo o folhetim.<\/p>\n","protected":false},"excerpt":{"rendered":"<p>&nbsp; Novela &#8220;A Dona do Peda\u00e7o\u201d: Maria da Paz (Juliana Paes) pega R\u00e9gis (Reynaldo Gianecchini) com Josiane (Agatha Moreira) e grita: &#8221; Larga minha filha, desgra\u00e7ado, larga &#8230; C\u00ea seduziu minha filha, desgra\u00e7ado &#8230; R\u00e9gis, c\u00ea se aproximou de mim com muita conversa, muito l\u00ea-l\u00ea-l\u00ea, como eu fui burra de achar que um homem fino, [&hellip;]<\/p>\n","protected":false},"author":2,"featured_media":175347,"comment_status":"open","ping_status":"closed","sticky":false,"template":"","format":"standard","meta":{"tdm_status":"","tdm_grid_status":"","footnotes":""},"categories":[543,388,379,375,343],"tags":[440],"class_list":{"0":"post-179624","1":"post","2":"type-post","3":"status-publish","4":"format-standard","5":"has-post-thumbnail","7":"category-a-dona-do-pedaco","8":"category-destaques","9":"category-novelas","10":"category-rede-globo","11":"category-televisao","12":"tag-noticia-novela"},"_links":{"self":[{"href":"https:\/\/migracao.redenoticia.com.br\/noticia\/wp-json\/wp\/v2\/posts\/179624","targetHints":{"allow":["GET"]}}],"collection":[{"href":"https:\/\/migracao.redenoticia.com.br\/noticia\/wp-json\/wp\/v2\/posts"}],"about":[{"href":"https:\/\/migracao.redenoticia.com.br\/noticia\/wp-json\/wp\/v2\/types\/post"}],"author":[{"embeddable":true,"href":"https:\/\/migracao.redenoticia.com.br\/noticia\/wp-json\/wp\/v2\/users\/2"}],"replies":[{"embeddable":true,"href":"https:\/\/migracao.redenoticia.com.br\/noticia\/wp-json\/wp\/v2\/comments?post=179624"}],"version-history":[{"count":0,"href":"https:\/\/migracao.redenoticia.com.br\/noticia\/wp-json\/wp\/v2\/posts\/179624\/revisions"}],"wp:featuredmedia":[{"embeddable":true,"href":"https:\/\/migracao.redenoticia.com.br\/noticia\/wp-json\/wp\/v2\/media\/175347"}],"wp:attachment":[{"href":"https:\/\/migracao.redenoticia.com.br\/noticia\/wp-json\/wp\/v2\/media?parent=179624"}],"wp:term":[{"taxonomy":"category","embeddable":true,"href":"https:\/\/migracao.redenoticia.com.br\/noticia\/wp-json\/wp\/v2\/categories?post=179624"},{"taxonomy":"post_tag","embeddable":true,"href":"https:\/\/migracao.redenoticia.com.br\/noticia\/wp-json\/wp\/v2\/tags?post=179624"}],"curies":[{"name":"wp","href":"https:\/\/api.w.org\/{rel}","templated":true}]}}