{"id":179799,"date":"2019-08-08T21:02:07","date_gmt":"2019-08-09T00:02:07","guid":{"rendered":"https:\/\/www.redenoticia.com.br\/noticia\/?p=179799"},"modified":"2019-08-08T21:08:41","modified_gmt":"2019-08-09T00:08:41","slug":"novela-a-dona-do-pedaco-tragedia-marca-casamento-de-kim-e-marcio","status":"publish","type":"post","link":"https:\/\/migracao.redenoticia.com.br\/noticia\/2019\/novela-a-dona-do-pedaco-tragedia-marca-casamento-de-kim-e-marcio\/179799","title":{"rendered":"Novela \u201cA Dona do Peda\u00e7o\u201d: Kim arma casamento e M\u00e1rcio se revolta"},"content":{"rendered":"<p><strong><em><img loading=\"lazy\" decoding=\"async\" class=\"aligncenter size-large wp-image-175348\" src=\"https:\/\/migracao.redenoticia.com.br\/noticia\/imagens\/A-Dona-do-Pedaco-globo-resumo-314x300.jpg\" alt=\"\" width=\"314\" height=\"300\" srcset=\"https:\/\/migracao.redenoticia.com.br\/noticia\/imagens\/A-Dona-do-Pedaco-globo-resumo-314x300.jpg 314w, https:\/\/migracao.redenoticia.com.br\/noticia\/imagens\/A-Dona-do-Pedaco-globo-resumo-196x187.jpg 196w, https:\/\/migracao.redenoticia.com.br\/noticia\/imagens\/A-Dona-do-Pedaco-globo-resumo.jpg 457w\" sizes=\"auto, (max-width: 314px) 100vw, 314px\" \/><\/em><\/strong><\/p>\n<p><strong><em>Novela &#8220;A Dona do Peda\u00e7o\u201d:<\/em><\/strong> Kim (Monica Iozzi) prepara uma festa de casamento surpresa para M\u00e1rcio (Anderson Di Rizzi). Os convidados chegam e Kim declara: \u201cFriends, amigos, estou muito feliz com a presen\u00e7a de todos voc\u00eas. Inicialmente eu e o M\u00e1rcio resolvemos dar essa festinha pra todos se entrosarem\u2026 seria quase uma festa de noivado tradicional. Mas n\u00e3o \u00e9\u201d.<\/p>\n<p>M\u00e1rcio n\u00e3o entende: \u201cN\u00e3o \u00e9, \u00e9 uma festa mesmo, pra celebrar a vida\u201d. Kim esclarece: \u201cExatamente, pra celebrar a vida. E por isso mesmo eu pensei\u2026 pra que perder tempo? Ent\u00e3o convidei esses senhores\u2026 o juiz de paz e o padre\u2026 Eu e o M\u00e1rcio vamos nos casar\u201d. O juiz diz: \u201cEu s\u00f3 vim fazer o casamento porque disse que o noivo estava viajando\u2026 e preparei a documenta\u00e7\u00e3o. Disse que entregaria o resto hoje\u2026 \u00c9 irregular, mas devido \u00e0 sua urg\u00eancia em casar\u2026\u201d. O padre diz: \u201cEu vim dar a b\u00ean\u00e7\u00e3o. Mas o noivo n\u00e3o sabia?\u201d<\/p>\n<p>Todos percebem que M\u00e1rcio n\u00e3o quer se casar e Kim pressiona: \u201cEspera\u2026 M\u00e1rcio\u2026 aceita casar comigo?\u201d. M\u00e1rcio declara: \u201cN\u00e3o. C\u00ea \u00e9 facinha demais. N\u00e3o quero mais saber de voc\u00ea\u201d.<\/p>\n<p>Kim insiste: \u201cVamos nos acalmar, o casamento ser\u00e1 em instantes. M\u00fasica. Vamos dan\u00e7ar um pouco, logo casaremos &#8230; Tou calm\u00edssima, honey. Minha m\u00e3o sequer treme. Mas c\u00ea n\u00e3o pode fugir mais. Somos eu e voc\u00ea &#8230; M\u00e1rcio, n\u00e3o fala palavras de que vai se arrepender. S\u00edlvia, eu sinto muito, c\u00ea sempre foi enganada\u201d. M\u00e1rcio decide ir embora, Kim tenta impedir e joga o bolo nele. M\u00e1rcio vai parar no hospital. Cena prevista para dia 08 na novela \u201cA Dona do Peda\u00e7o\u201d.<\/p>\n<p>Destaques<\/p>\n<p>Sinopse \u201cA Dona do Peda\u00e7o\u201d: a novela enaltece a trajet\u00f3ria de Maria da Paz (Juliana Paes), uma jovem humilde, da cidade fict\u00edcia de Rio Vermelho, no Esp\u00edrito Santo. Maria vem de uma fam\u00edlia de justiceiros profissionais, os Ramirez, e se apaixona justamente por Amadeu (Marcos Palmeira), advogado formado em Vit\u00f3ria e membro do cl\u00e3 rival nos neg\u00f3cios, os Matheus. A trama, dividida em um pr\u00f3logo e duas fases, traz uma hist\u00f3ria de amor com elementos \u00e0 Romeu e Julieta, sem perder o humor, que permeia todo o folhetim.<\/p>\n","protected":false},"excerpt":{"rendered":"<p>Novela &#8220;A Dona do Peda\u00e7o\u201d: Kim (Monica Iozzi) prepara uma festa de casamento surpresa para M\u00e1rcio (Anderson Di Rizzi). Os convidados chegam e Kim declara: \u201cFriends, amigos, estou muito feliz com a presen\u00e7a de todos voc\u00eas. Inicialmente eu e o M\u00e1rcio resolvemos dar essa festinha pra todos se entrosarem\u2026 seria quase uma festa de noivado [&hellip;]<\/p>\n","protected":false},"author":2,"featured_media":177864,"comment_status":"open","ping_status":"closed","sticky":false,"template":"","format":"standard","meta":{"tdm_status":"","tdm_grid_status":"","footnotes":""},"categories":[543,388,379,375,343],"tags":[440],"class_list":{"0":"post-179799","1":"post","2":"type-post","3":"status-publish","4":"format-standard","5":"has-post-thumbnail","7":"category-a-dona-do-pedaco","8":"category-destaques","9":"category-novelas","10":"category-rede-globo","11":"category-televisao","12":"tag-noticia-novela"},"_links":{"self":[{"href":"https:\/\/migracao.redenoticia.com.br\/noticia\/wp-json\/wp\/v2\/posts\/179799","targetHints":{"allow":["GET"]}}],"collection":[{"href":"https:\/\/migracao.redenoticia.com.br\/noticia\/wp-json\/wp\/v2\/posts"}],"about":[{"href":"https:\/\/migracao.redenoticia.com.br\/noticia\/wp-json\/wp\/v2\/types\/post"}],"author":[{"embeddable":true,"href":"https:\/\/migracao.redenoticia.com.br\/noticia\/wp-json\/wp\/v2\/users\/2"}],"replies":[{"embeddable":true,"href":"https:\/\/migracao.redenoticia.com.br\/noticia\/wp-json\/wp\/v2\/comments?post=179799"}],"version-history":[{"count":0,"href":"https:\/\/migracao.redenoticia.com.br\/noticia\/wp-json\/wp\/v2\/posts\/179799\/revisions"}],"wp:featuredmedia":[{"embeddable":true,"href":"https:\/\/migracao.redenoticia.com.br\/noticia\/wp-json\/wp\/v2\/media\/177864"}],"wp:attachment":[{"href":"https:\/\/migracao.redenoticia.com.br\/noticia\/wp-json\/wp\/v2\/media?parent=179799"}],"wp:term":[{"taxonomy":"category","embeddable":true,"href":"https:\/\/migracao.redenoticia.com.br\/noticia\/wp-json\/wp\/v2\/categories?post=179799"},{"taxonomy":"post_tag","embeddable":true,"href":"https:\/\/migracao.redenoticia.com.br\/noticia\/wp-json\/wp\/v2\/tags?post=179799"}],"curies":[{"name":"wp","href":"https:\/\/api.w.org\/{rel}","templated":true}]}}