{"id":17989,"date":"2009-11-19T23:43:31","date_gmt":"2009-11-20T03:43:31","guid":{"rendered":"http:\/\/www.redenoticia.com.br\/noticia\/?p=17989"},"modified":"2009-11-19T23:43:31","modified_gmt":"2009-11-20T03:43:31","slug":"rede-record-%e2%80%93-dia-de-presente-em-a-fazenda","status":"publish","type":"post","link":"https:\/\/migracao.redenoticia.com.br\/noticia\/2009\/rede-record-%e2%80%93-dia-de-presente-em-a-fazenda\/17989","title":{"rendered":"Rede Record \u2013 dia de presente em A Fazenda"},"content":{"rendered":"<p><img loading=\"lazy\" decoding=\"async\" class=\"alignleft size-full wp-image-17492\" title=\"a fazenda 2\" src=\"https:\/\/migracao.redenoticia.com.br\/noticia\/imagens\/a-fazenda-2.jpg\" alt=\"a fazenda 2\" width=\"300\" height=\"193\" srcset=\"https:\/\/migracao.redenoticia.com.br\/noticia\/imagens\/a-fazenda-2.jpg 300w, https:\/\/migracao.redenoticia.com.br\/noticia\/imagens\/a-fazenda-2-250x160.jpg 250w, https:\/\/migracao.redenoticia.com.br\/noticia\/imagens\/a-fazenda-2-150x96.jpg 150w\" sizes=\"auto, (max-width: 300px) 100vw, 300px\" \/><strong><em>Rede Record<\/em><\/strong> \u2013 o programa <strong><em>A Fazenda<\/em><\/strong> desta noite (19\/11), mostrou que os pe\u00f5es come\u00e7am a sentir a barra de estar com o p\u00e9 na ro\u00e7a, mas para descontrair, a Rede Record vai entregar o primeiro carro nesta sexta-feira. Um prova de classifica\u00e7\u00e3o j\u00e1 foi executada e mostrada pela Rede Record, onde os pe\u00f5es de A Fazenda escolheram um circulo colorido. Os sortudos desta vez em A Fazenda foram Bombom, Sheila, Mateus e a Fazendeira Andressa. A prova final ser\u00e1 disputada nesta sexta-feira ao vivo pela Rede Record.<\/p>\n<p>Esta prova ser\u00e1 um motivo para alegrar A Fazenda, pois ap\u00f3s a vota\u00e7\u00e3o o clima ficou meio pesado. Ana Paula foi a que mais sentiu a indica\u00e7\u00e3o e se mostra um pouco carente. A Rede Record mostrou que Sheila se apegou \u00e0s fotos que levou e mentalizou coisas positivas. Mateus preferiu cantar com Maur\u00edcio Manieri e Karina Bacchi.<\/p>\n<p>O momento mais emocionante do dia, mostrado pela Rede Record, foi uma homenagem que Igor fez para as M\u00e3es do pe\u00f5es, no momento da refei\u00e7\u00e3o. Ele pediu para que todos falassem o nome de sua respectiva m\u00e3e e depois ele leu um trecho de um livro sobre o assunto. Em A Fazenda desta noite, a parte c\u00f4mica ficou com a transforma\u00e7\u00e3o que as meninas fizeram em Xuxa e Igor, com direito a maquiagem ex\u00f3tica.<\/p>\n<p>Os animais continuam sendo bem tratados pelos novos pe\u00f5es, mas o caseiro de A Fazenda da Rede Record est\u00e1 de olho. Maur\u00edcio Manieri at\u00e9 recebeu um apoio de \u201cCr\u00e9bis\u201d na hora de alimentar os avestruzes.<\/p>\n<p>Rede Record \u2013 A Fazenda<\/p>\n","protected":false},"excerpt":{"rendered":"<p>Rede Record \u2013 o programa A Fazenda desta noite (19\/11), mostrou que os pe\u00f5es come\u00e7am a sentir a barra de estar com o p\u00e9 na ro\u00e7a, mas para descontrair, a Rede Record vai entregar o primeiro carro nesta sexta-feira. Um prova de classifica\u00e7\u00e3o j\u00e1 foi executada e mostrada pela Rede Record, onde os pe\u00f5es de [&hellip;]<\/p>\n","protected":false},"author":3,"featured_media":0,"comment_status":"open","ping_status":"open","sticky":false,"template":"","format":"standard","meta":{"tdm_status":"","tdm_grid_status":"","footnotes":""},"categories":[22,371,343],"tags":[],"class_list":{"0":"post-17989","1":"post","2":"type-post","3":"status-publish","4":"format-standard","6":"category-brasil","7":"category-rede-record","8":"category-televisao"},"_links":{"self":[{"href":"https:\/\/migracao.redenoticia.com.br\/noticia\/wp-json\/wp\/v2\/posts\/17989","targetHints":{"allow":["GET"]}}],"collection":[{"href":"https:\/\/migracao.redenoticia.com.br\/noticia\/wp-json\/wp\/v2\/posts"}],"about":[{"href":"https:\/\/migracao.redenoticia.com.br\/noticia\/wp-json\/wp\/v2\/types\/post"}],"author":[{"embeddable":true,"href":"https:\/\/migracao.redenoticia.com.br\/noticia\/wp-json\/wp\/v2\/users\/3"}],"replies":[{"embeddable":true,"href":"https:\/\/migracao.redenoticia.com.br\/noticia\/wp-json\/wp\/v2\/comments?post=17989"}],"version-history":[{"count":0,"href":"https:\/\/migracao.redenoticia.com.br\/noticia\/wp-json\/wp\/v2\/posts\/17989\/revisions"}],"wp:attachment":[{"href":"https:\/\/migracao.redenoticia.com.br\/noticia\/wp-json\/wp\/v2\/media?parent=17989"}],"wp:term":[{"taxonomy":"category","embeddable":true,"href":"https:\/\/migracao.redenoticia.com.br\/noticia\/wp-json\/wp\/v2\/categories?post=17989"},{"taxonomy":"post_tag","embeddable":true,"href":"https:\/\/migracao.redenoticia.com.br\/noticia\/wp-json\/wp\/v2\/tags?post=17989"}],"curies":[{"name":"wp","href":"https:\/\/api.w.org\/{rel}","templated":true}]}}