{"id":179935,"date":"2019-08-01T16:39:20","date_gmt":"2019-08-01T19:39:20","guid":{"rendered":"https:\/\/www.redenoticia.com.br\/noticia\/?p=179935"},"modified":"2019-08-01T16:39:29","modified_gmt":"2019-08-01T19:39:29","slug":"resumo-novela-a-dona-02-08-cristina-descobre-o-que-rodrigo-fez-com-sua-filha","status":"publish","type":"post","link":"https:\/\/migracao.redenoticia.com.br\/noticia\/2019\/resumo-novela-a-dona-02-08-cristina-descobre-o-que-rodrigo-fez-com-sua-filha\/179935","title":{"rendered":"Resumo novela \u201cA Dona\u201d 02\/08: Cristina descobre o que Rodrigo fez com sua filha"},"content":{"rendered":"<p><img loading=\"lazy\" decoding=\"async\" class=\"aligncenter size-large wp-image-173633\" src=\"https:\/\/migracao.redenoticia.com.br\/noticia\/imagens\/a-dona-270x300.jpg\" alt=\"\" width=\"270\" height=\"300\" srcset=\"https:\/\/migracao.redenoticia.com.br\/noticia\/imagens\/a-dona-270x300.jpg 270w, https:\/\/migracao.redenoticia.com.br\/noticia\/imagens\/a-dona-168x187.jpg 168w, https:\/\/migracao.redenoticia.com.br\/noticia\/imagens\/a-dona.jpg 380w\" sizes=\"auto, (max-width: 270px) 100vw, 270px\" \/>Resumo da novela <strong><em>\u201cA Dona&#8221;<\/em><\/strong> em 02\/08: no cap\u00edtulo 090(*) da novela, sexta-feira, 02 de agosto, Jos\u00e9 Miguel diz a Moises que Rodrigo foi quem comprou suas terras. Maria da Luz diz a sua m\u00e3e que precisam levar a roupa de Rodrigo para o delegado. Cristina responde que o melhor \u00e9 esquecer esse assunto. Maria, chorando, reclama com a m\u00e3e que Rodrigo fez muito mal as duas, e confessa que ele a violou. Ivana pede perd\u00e3o a Valentina por t\u00ea-la roubado. Ela tamb\u00e9m pede ajuda para que Jos\u00e9 Miguel n\u00e3o deixe seu filho sem um pai. Valentina deixa claro que se n\u00e3o houvesse esse beb\u00ea, lutaria pelo amor de Jos\u00e9. Mas como respeita os valores familiares, deixar\u00e1 seu caminho livre. Rodrigo adverte Leonor que n\u00e3o dar\u00e1 a Jos\u00e9 Miguel nem uma \u00fanica gota da \u00e1gua de seu lago.<\/p>\n<p>(*) edi\u00e7\u00e3o do SBT, Novela \u201cA Dona\u201d, sujeito a altera\u00e7\u00e3o de data e conte\u00fado.<\/p>\n<p>Destaques<\/p>\n<p>&#8220;A Dona&#8221; &#8211; Valentina Vila\u00e7a (Lucero) \u00e9 uma mulher que tem uma grande fortuna, que seus pais deixaram para ela quando morreram em um acidente de carro. Ela tem uma mans\u00e3o na Cidade do M\u00e9xico, onde vive com sua tia Isabel Rangel de Dorantes (Silvia Pinal), e sua prima Ivana Dorantes Rangel (Gabriela Spanic) que trata Valentina com muita indiferen\u00e7a e sente inveja dela.<\/p>\n<p>Tudo muda para Valentina quando seu noivo Alonso Penalva (David Zepeda), tramando com Ivana no dia de seu casamento, a deixa esperando no altar. A partir da\u00ed, Valentina se torna uma mulher amarga, e vai para sua fazenda, no interior. Chegando l\u00e1, ela conhece seu vizinho Jos\u00e9 Miguel Montesinos (Fernando Colunga).<\/p>\n","protected":false},"excerpt":{"rendered":"<p>Resumo da novela \u201cA Dona&#8221; em 02\/08: no cap\u00edtulo 090(*) da novela, sexta-feira, 02 de agosto, Jos\u00e9 Miguel diz a Moises que Rodrigo foi quem comprou suas terras. Maria da Luz diz a sua m\u00e3e que precisam levar a roupa de Rodrigo para o delegado. Cristina responde que o melhor \u00e9 esquecer esse assunto. Maria, [&hellip;]<\/p>\n","protected":false},"author":4,"featured_media":173626,"comment_status":"open","ping_status":"closed","sticky":false,"template":"","format":"standard","meta":{"tdm_status":"","tdm_grid_status":"","footnotes":""},"categories":[379,372,343],"tags":[441],"class_list":{"0":"post-179935","1":"post","2":"type-post","3":"status-publish","4":"format-standard","5":"has-post-thumbnail","7":"category-novelas","8":"category-sbt","9":"category-televisao","10":"tag-resumo-do-dia"},"_links":{"self":[{"href":"https:\/\/migracao.redenoticia.com.br\/noticia\/wp-json\/wp\/v2\/posts\/179935","targetHints":{"allow":["GET"]}}],"collection":[{"href":"https:\/\/migracao.redenoticia.com.br\/noticia\/wp-json\/wp\/v2\/posts"}],"about":[{"href":"https:\/\/migracao.redenoticia.com.br\/noticia\/wp-json\/wp\/v2\/types\/post"}],"author":[{"embeddable":true,"href":"https:\/\/migracao.redenoticia.com.br\/noticia\/wp-json\/wp\/v2\/users\/4"}],"replies":[{"embeddable":true,"href":"https:\/\/migracao.redenoticia.com.br\/noticia\/wp-json\/wp\/v2\/comments?post=179935"}],"version-history":[{"count":0,"href":"https:\/\/migracao.redenoticia.com.br\/noticia\/wp-json\/wp\/v2\/posts\/179935\/revisions"}],"wp:featuredmedia":[{"embeddable":true,"href":"https:\/\/migracao.redenoticia.com.br\/noticia\/wp-json\/wp\/v2\/media\/173626"}],"wp:attachment":[{"href":"https:\/\/migracao.redenoticia.com.br\/noticia\/wp-json\/wp\/v2\/media?parent=179935"}],"wp:term":[{"taxonomy":"category","embeddable":true,"href":"https:\/\/migracao.redenoticia.com.br\/noticia\/wp-json\/wp\/v2\/categories?post=179935"},{"taxonomy":"post_tag","embeddable":true,"href":"https:\/\/migracao.redenoticia.com.br\/noticia\/wp-json\/wp\/v2\/tags?post=179935"}],"curies":[{"name":"wp","href":"https:\/\/api.w.org\/{rel}","templated":true}]}}