{"id":180024,"date":"2019-08-03T16:14:50","date_gmt":"2019-08-03T19:14:50","guid":{"rendered":"https:\/\/www.redenoticia.com.br\/noticia\/?p=180024"},"modified":"2019-08-03T16:14:57","modified_gmt":"2019-08-03T19:14:57","slug":"resumo-novela-a-dona-05-08-isabel-assume-ter-assassinado-oscar-almeida","status":"publish","type":"post","link":"https:\/\/migracao.redenoticia.com.br\/noticia\/2019\/resumo-novela-a-dona-05-08-isabel-assume-ter-assassinado-oscar-almeida\/180024","title":{"rendered":"Resumo novela \u201cA Dona\u201d 05\/08: Isabel assume ter assassinado Oscar Almeida"},"content":{"rendered":"<p><img loading=\"lazy\" decoding=\"async\" class=\"aligncenter size-large wp-image-173633\" src=\"https:\/\/migracao.redenoticia.com.br\/noticia\/imagens\/a-dona-270x300.jpg\" alt=\"\" width=\"270\" height=\"300\" srcset=\"https:\/\/migracao.redenoticia.com.br\/noticia\/imagens\/a-dona-270x300.jpg 270w, https:\/\/migracao.redenoticia.com.br\/noticia\/imagens\/a-dona-168x187.jpg 168w, https:\/\/migracao.redenoticia.com.br\/noticia\/imagens\/a-dona.jpg 380w\" sizes=\"auto, (max-width: 270px) 100vw, 270px\" \/>Resumo da novela <strong><em>\u201cA Dona&#8221;<\/em><\/strong> em 05\/08: no cap\u00edtulo 091(*) da novela, segunda-feira, 05 de agosto, Valentina diz a Isabel, Benita e Gabriela que o Delegado Toledo tem perguntando sobre sua vida aos moradores do povoado, e que sabe que todos ainda a chamam de v\u00edbora, e isso tem levado cada vez mais o Delegado a crer que ela foi capaz de matar Oscar. Ivana diz a Leonor que Jos\u00e9 Miguel denunciou Rodrigo e ele foi preso, e que Alonso est\u00e1 no povoado disposto a reconquistar Valentina. Leonor responde que lamenta desanim\u00e1-la, mas que a \u00fanica coisa que a presen\u00e7a de Alonso vai conseguir \u00e9 causar ci\u00fames em Jos\u00e9 Miguel.<\/p>\n<p>Henriqueta toma a liberdade de comprar m\u00f3veis para a casa de Sandra, e Felipe, furioso, manda que retirem tudo. Isabel vai visitar Ivana para lhe perguntar como foi o interrogat\u00f3rio, e oferecer seu apoio, mas fica impactada quando v\u00ea Ivana ter alucina\u00e7\u00f5es e acaba confessando que matou Oscar Almeida. Ivana rapidamente se recupera e nega a m\u00e3e que tenha cometido o crime, e manda Isabel embora. Felipe se desculpa com Sandra por sua atitude, a diz que ela merece tudo, mas que no momento ele n\u00e3o pode proporcionar melhores condi\u00e7\u00f5es de vida a ela.<\/p>\n<p>Sandra diz a Felipe que o nota muito estranho e que sabe que ele tem mentido, pergunta depois o que est\u00e1 acontecendo, e ele responde que no momento, n\u00e3o pode dizer, mas pede que ela confie nele. Jos\u00e9 Miguel e Valentina se encontram na cabana e se abra\u00e7am apaixonados. Jos\u00e9 Miguel a diz que vive atormentado pelos ci\u00fames, Valentina o responde que ele a faz muita falta, e pede para que se esque\u00e7am do mundo, eles se beijam. Gabriela chega angustiada a cabana e diz a Valentina e Jos\u00e9 Miguel que Isabel se declarou culpada da morte de Oscar Alme.<\/p>\n<p>(*) edi\u00e7\u00e3o do SBT, Novela \u201cA Dona\u201d, sujeito a altera\u00e7\u00e3o de data e conte\u00fado.<\/p>\n<p>Destaques<\/p>\n<p>&#8220;A Dona&#8221; &#8211; Valentina Vila\u00e7a (Lucero) \u00e9 uma mulher que tem uma grande fortuna, que seus pais deixaram para ela quando morreram em um acidente de carro. Ela tem uma mans\u00e3o na Cidade do M\u00e9xico, onde vive com sua tia Isabel Rangel de Dorantes (Silvia Pinal), e sua prima Ivana Dorantes Rangel (Gabriela Spanic) que trata Valentina com muita indiferen\u00e7a e sente inveja dela.<\/p>\n<p>Tudo muda para Valentina quando seu noivo Alonso Penalva (David Zepeda), tramando com Ivana no dia de seu casamento, a deixa esperando no altar. A partir da\u00ed, Valentina se torna uma mulher amarga, e vai para sua fazenda, no interior. Chegando l\u00e1, ela conhece seu vizinho Jos\u00e9 Miguel Montesinos (Fernando Colunga).<\/p>\n","protected":false},"excerpt":{"rendered":"<p>Resumo da novela \u201cA Dona&#8221; em 05\/08: no cap\u00edtulo 091(*) da novela, segunda-feira, 05 de agosto, Valentina diz a Isabel, Benita e Gabriela que o Delegado Toledo tem perguntando sobre sua vida aos moradores do povoado, e que sabe que todos ainda a chamam de v\u00edbora, e isso tem levado cada vez mais o Delegado [&hellip;]<\/p>\n","protected":false},"author":2,"featured_media":173626,"comment_status":"open","ping_status":"closed","sticky":false,"template":"","format":"standard","meta":{"tdm_status":"","tdm_grid_status":"","footnotes":""},"categories":[379,372,343],"tags":[441],"class_list":{"0":"post-180024","1":"post","2":"type-post","3":"status-publish","4":"format-standard","5":"has-post-thumbnail","7":"category-novelas","8":"category-sbt","9":"category-televisao","10":"tag-resumo-do-dia"},"_links":{"self":[{"href":"https:\/\/migracao.redenoticia.com.br\/noticia\/wp-json\/wp\/v2\/posts\/180024","targetHints":{"allow":["GET"]}}],"collection":[{"href":"https:\/\/migracao.redenoticia.com.br\/noticia\/wp-json\/wp\/v2\/posts"}],"about":[{"href":"https:\/\/migracao.redenoticia.com.br\/noticia\/wp-json\/wp\/v2\/types\/post"}],"author":[{"embeddable":true,"href":"https:\/\/migracao.redenoticia.com.br\/noticia\/wp-json\/wp\/v2\/users\/2"}],"replies":[{"embeddable":true,"href":"https:\/\/migracao.redenoticia.com.br\/noticia\/wp-json\/wp\/v2\/comments?post=180024"}],"version-history":[{"count":0,"href":"https:\/\/migracao.redenoticia.com.br\/noticia\/wp-json\/wp\/v2\/posts\/180024\/revisions"}],"wp:featuredmedia":[{"embeddable":true,"href":"https:\/\/migracao.redenoticia.com.br\/noticia\/wp-json\/wp\/v2\/media\/173626"}],"wp:attachment":[{"href":"https:\/\/migracao.redenoticia.com.br\/noticia\/wp-json\/wp\/v2\/media?parent=180024"}],"wp:term":[{"taxonomy":"category","embeddable":true,"href":"https:\/\/migracao.redenoticia.com.br\/noticia\/wp-json\/wp\/v2\/categories?post=180024"},{"taxonomy":"post_tag","embeddable":true,"href":"https:\/\/migracao.redenoticia.com.br\/noticia\/wp-json\/wp\/v2\/tags?post=180024"}],"curies":[{"name":"wp","href":"https:\/\/api.w.org\/{rel}","templated":true}]}}