{"id":180025,"date":"2019-08-03T16:12:19","date_gmt":"2019-08-03T19:12:19","guid":{"rendered":"https:\/\/www.redenoticia.com.br\/noticia\/?p=180025"},"modified":"2020-05-29T16:13:37","modified_gmt":"2020-05-29T19:13:37","slug":"resumo-novela-a-que-nao-podia-amar-05-08-rogerio-descobre-que-marquinho-e-seu-filho","status":"publish","type":"post","link":"https:\/\/migracao.redenoticia.com.br\/noticia\/2019\/resumo-novela-a-que-nao-podia-amar-05-08-rogerio-descobre-que-marquinho-e-seu-filho\/180025","title":{"rendered":"Resumo novela \u201cA Que N\u00e3o Podia Amar\u201d 05\/08: Rog\u00e9rio descobre que Marquinho \u00e9 seu filho"},"content":{"rendered":"<p><strong><em><img loading=\"lazy\" decoding=\"async\" class=\"aligncenter size-large wp-image-173635\" src=\"https:\/\/migracao.redenoticia.com.br\/noticia\/imagens\/a-que-nao-podia-amar-400x271.jpg\" alt=\"\" width=\"400\" height=\"271\" srcset=\"https:\/\/migracao.redenoticia.com.br\/noticia\/imagens\/a-que-nao-podia-amar-400x271.jpg 400w, https:\/\/migracao.redenoticia.com.br\/noticia\/imagens\/a-que-nao-podia-amar-250x169.jpg 250w, https:\/\/migracao.redenoticia.com.br\/noticia\/imagens\/a-que-nao-podia-amar-560x379.jpg 560w, https:\/\/migracao.redenoticia.com.br\/noticia\/imagens\/a-que-nao-podia-amar.jpg 620w\" sizes=\"auto, (max-width: 400px) 100vw, 400px\" \/><\/em><\/strong><\/p>\n<p>Resumo da novela<strong><em> \u201cA Que N\u00e3o Podia Amar\u201d&nbsp;<\/em><\/strong> em 05\/08: no cap\u00edtulo 086(*) da novela, segunda-feira, 05 de agosto, Miguel e Dany explicam para Maria a situa\u00e7\u00e3o do celular. Ela diz que n\u00e3o poder\u00e1 trair Rog\u00e9rio de novo e exige que entreguem o aparelho. Maria explica que n\u00e3o vai entregar o celular para o fazendeiro, mas que vai guardar com ela. Ana Paula e Rog\u00e9rio v\u00e3o ao orfanato visitar Marquinho e o menino se emociona. Maria diz a M\u00e1rcia que dar\u00e1 um jeito de conseguir a carta de volta para que Ulisses n\u00e3o sofra. Maura explica que Ana Paula e Rog\u00e9rio n\u00e3o podem conviver com Marquinho porque ela j\u00e1 reprovou o pedido de ado\u00e7\u00e3o dos dois, al\u00e9m disso j\u00e1 aprovou que um outro casal o adote. C\u00edntia e Gustavo se casam rapidamente sem que suas fam\u00edlias saibam.<\/p>\n<p>Rog\u00e9rio alega a Maura que j\u00e1 fez um pedido para ser tutor de Marquinho, mas ela responde que isso \u00e9 s\u00f3 perda de tempo. Chorando, o menino diz que n\u00e3o quer ser adotado pelo outro casal. Rog\u00e9rio adverte que n\u00e3o vai desistir. Ana Paula diz a Marquinho que ela e Rog\u00e9rio precisam ir embora, mas que n\u00e3o v\u00e3o desistir dele e pede para o menino se comportar. Rosaura e Bruno conversam. Ela diz que usar\u00e1 sua doen\u00e7a para chantagear a sobrinha e conseguir tudo o que quer. Maria pressiona Elias para devolver a \u201ccarta de amor\u201d de M\u00e1rcia. Ana Paula questiona se Rog\u00e9rio est\u00e1 disposto a deixar Marquinho ir embora com ela ao final do seu contrato, caso consigam adotar o menino.<\/p>\n<p>Vanessa pede a Maria que prepare um quarto para ela porque vai passar a viver na fazenda, ao que esta responde aborrecida, deixando claro que a mo\u00e7a \u00e9 uma oferecida e n\u00e3o tem nada o que fazer ali. Ela se surpreende com a rea\u00e7\u00e3o e fala mal da irm\u00e3. Furiosa, Maria enfrenta Vanessa e a mo\u00e7a responde que muita coisa vai mudar e Ana Paula pagar\u00e1 por tudo que fez a Rog\u00e9rio. Gustavo quer ir para a fazenda, mas C\u00edntia prefere adiar e pede para comemorarem enquanto podem. Maria vai ao quarto de Elias e aproveitando a aus\u00eancia do capataz, ela procura pela carta, encontra e a l\u00ea. Rosaura pede perd\u00e3o a Ana Paula e Rog\u00e9rio se fez mal a algum dos dois. Ana Paula conta para a tia que vender\u00e1 a casa para pagar os gastos m\u00e9dicos, ao que ela responde que isso n\u00e3o \u00e9 necess\u00e1rio porque Rog\u00e9rio vai se encarregar de tudo, mas Ana assegura que a partir de agora n\u00e3o receber\u00e3o mais dinheiro dele.<\/p>\n<p>C\u00edntia e Gustavo comemoram o casamento com um jantar especial. Elias liga para a amada e ela conta que se casou com Gustavo. Rog\u00e9rio repreende as atitudes de Rosaura e diz que n\u00e3o vai cair no jogo dela, pois j\u00e1 conhece o seu tipo. Maria fica sabendo que Marquinho \u00e9 filho de Rog\u00e9rio. Ela pega a carta e nesse momento Elias chega ao seu quarto e tenta exigir a devolu\u00e7\u00e3o. Maria se recusa a devolver e enfrenta Elias, que fica sem rea\u00e7\u00e3o. Elias conta a M\u00e1rcia que Maria pegou a carta e a acusa de ser a culpada. Ela implora para o rapaz n\u00e3o revelar que foi ela quem contou sobre o documento. No orfanato, Marquinho continua sofrendo. Maria pede para Hugo ligar para Rog\u00e9rio, ela conversa com o fazendeiro e conta que a carta de Ulisses est\u00e1 nas suas m\u00e3os. C\u00edntia se comunica com Vanessa e pede para a amiga avisar a Maria que n\u00e3o voltar\u00e1 para a fazenda nessa noite. Ela conta que quer que a lua de mel dure o m\u00e1ximo poss\u00edvel. Maria l\u00ea a carta que a m\u00e3e de Marquinho deixou antes de morrer, Rog\u00e9rio escuta tudo e fica sabendo que o menino \u00e9 seu filho. Ana Paula e o marido se surpreendem com a novidade.<\/p>\n<p>(*) edi\u00e7\u00e3o do SBT, Novela \u201cA Que N\u00e3o Podia Amar\u201d, sujeito a altera\u00e7\u00e3o de data e conte\u00fado.<\/p>\n<p>Destaques<\/p>\n<p>&#8220;A Que N\u00e3o Podia Amar&#8221;- Ana Paula, uma enfermeira humilde que se v\u00ea obrigada a trabalhar na casa de Rog\u00e9rio Montero (Jorge Salinas), um homem amargurado. Rog\u00e9rio sofre por ser parapl\u00e9gico e destrata todas as pessoas. Ana Paula atura tudo calada e o rica\u00e7o se apaixona por ela.<\/p>\n<p>Ana conhece Gustavo Duran (Jos\u00e9 Ron), um engenheiro nobre e trabalhador. Os dois se apaixonam, mas ter\u00e3o de enfrentar Rog\u00e9rio, j\u00e1 que ele tamb\u00e9m gosta da mocinha, formando assim, um tri\u00e2ngulo amoroso com terr\u00edveis consequ\u00eancias.<\/p>\n","protected":false},"excerpt":{"rendered":"<p>Resumo da novela \u201cA Que N\u00e3o Podia Amar\u201d&nbsp; em 05\/08: no cap\u00edtulo 086(*) da novela, segunda-feira, 05 de agosto, Miguel e Dany explicam para Maria a situa\u00e7\u00e3o do celular. Ela diz que n\u00e3o poder\u00e1 trair Rog\u00e9rio de novo e exige que entreguem o aparelho. Maria explica que n\u00e3o vai entregar o celular para o fazendeiro, [&hellip;]<\/p>\n","protected":false},"author":2,"featured_media":173627,"comment_status":"open","ping_status":"closed","sticky":false,"template":"","format":"standard","meta":{"tdm_status":"","tdm_grid_status":"","footnotes":""},"categories":[379,372,343],"tags":[441],"class_list":{"0":"post-180025","1":"post","2":"type-post","3":"status-publish","4":"format-standard","5":"has-post-thumbnail","7":"category-novelas","8":"category-sbt","9":"category-televisao","10":"tag-resumo-do-dia"},"_links":{"self":[{"href":"https:\/\/migracao.redenoticia.com.br\/noticia\/wp-json\/wp\/v2\/posts\/180025","targetHints":{"allow":["GET"]}}],"collection":[{"href":"https:\/\/migracao.redenoticia.com.br\/noticia\/wp-json\/wp\/v2\/posts"}],"about":[{"href":"https:\/\/migracao.redenoticia.com.br\/noticia\/wp-json\/wp\/v2\/types\/post"}],"author":[{"embeddable":true,"href":"https:\/\/migracao.redenoticia.com.br\/noticia\/wp-json\/wp\/v2\/users\/2"}],"replies":[{"embeddable":true,"href":"https:\/\/migracao.redenoticia.com.br\/noticia\/wp-json\/wp\/v2\/comments?post=180025"}],"version-history":[{"count":0,"href":"https:\/\/migracao.redenoticia.com.br\/noticia\/wp-json\/wp\/v2\/posts\/180025\/revisions"}],"wp:featuredmedia":[{"embeddable":true,"href":"https:\/\/migracao.redenoticia.com.br\/noticia\/wp-json\/wp\/v2\/media\/173627"}],"wp:attachment":[{"href":"https:\/\/migracao.redenoticia.com.br\/noticia\/wp-json\/wp\/v2\/media?parent=180025"}],"wp:term":[{"taxonomy":"category","embeddable":true,"href":"https:\/\/migracao.redenoticia.com.br\/noticia\/wp-json\/wp\/v2\/categories?post=180025"},{"taxonomy":"post_tag","embeddable":true,"href":"https:\/\/migracao.redenoticia.com.br\/noticia\/wp-json\/wp\/v2\/tags?post=180025"}],"curies":[{"name":"wp","href":"https:\/\/api.w.org\/{rel}","templated":true}]}}