{"id":180027,"date":"2019-08-03T16:18:24","date_gmt":"2019-08-03T19:18:24","guid":{"rendered":"https:\/\/www.redenoticia.com.br\/noticia\/?p=180027"},"modified":"2019-08-03T16:18:31","modified_gmt":"2019-08-03T19:18:31","slug":"resumo-novela-cumplices-de-um-resgate-05-08-teo-descobre-o-segredo-de-marina","status":"publish","type":"post","link":"https:\/\/migracao.redenoticia.com.br\/noticia\/2019\/resumo-novela-cumplices-de-um-resgate-05-08-teo-descobre-o-segredo-de-marina\/180027","title":{"rendered":"Resumo novela \u201cC\u00famplices de um Resgate\u201d 05\/08: T\u00e9o descobre o segredo de Marina"},"content":{"rendered":"<p><img loading=\"lazy\" decoding=\"async\" class=\"aligncenter size-large wp-image-164526\" src=\"https:\/\/migracao.redenoticia.com.br\/noticia\/imagens\/cumplices-de-um-resgate-001-316x300.jpg\" alt=\"\" width=\"316\" height=\"300\" srcset=\"https:\/\/migracao.redenoticia.com.br\/noticia\/imagens\/cumplices-de-um-resgate-001-316x300.jpg 316w, https:\/\/migracao.redenoticia.com.br\/noticia\/imagens\/cumplices-de-um-resgate-001-197x187.jpg 197w, https:\/\/migracao.redenoticia.com.br\/noticia\/imagens\/cumplices-de-um-resgate-001-150x143.jpg 150w, https:\/\/migracao.redenoticia.com.br\/noticia\/imagens\/cumplices-de-um-resgate-001.jpg 526w\" sizes=\"auto, (max-width: 316px) 100vw, 316px\" \/> Resumo novela \u201cC\u00famplices de um Resgate\u201d 05\/08: no cap\u00edtulo 151(*) da novela, segunda-feira, 05 de agosto, Ot\u00e1vio vai ao escrit\u00f3rio de Safira e diz que suspeita que algu\u00e9m armou para Rebeca e espera que n\u00e3o seja ela. Os c\u00famplices decidem investigar o paradeiro de Marina. Os meninos v\u00e3o at\u00e9 o galp\u00e3o. T\u00e9o conversa com Marina e acaba falando sobre o desaparecimento de Manuela. Marina n\u00e3o se lembra de Manuela. Navarro chega com Geraldo ao galp\u00e3o e encontra um papel de bala deixado por Felipe.Os C\u00famplices vasculham o galp\u00e3o e pegam CD&#8217;s, HD&#8217;s e pap\u00e9is que encontraram. Ot\u00e1vio diz para Rebeca que nunca suspeitou dela.<\/p>\n<p>Em casa, os C\u00famplices analisam as provas que pegaram e descobrem que Geraldo est\u00e1 envolvido com esquemas de pirataria, al\u00e9m de verem citado o nome de Joel varias vezes. Safira v\u00ea Ot\u00e1vio conversando com sua namorada, vai at\u00e9 l\u00e1 e provoca Rebeca. Isabela envia um bilhete a Manuela, por meio de Tumtum, perguntando sobre Marina. Fiorina diz que vai chamar Marina de Antonella. Regina se assusta ao ver Tuntum andando pela casa. O rato some, mas deixa cair o bilhete. Regina v\u00ea o papel no ch\u00e3o, l\u00ea a mensagem e pensa que foi enviada pelo fantasma de Isabela. No vilarejo, Marina diz para si mesma que precisa dar um jeito de encontrar Ofelio.<\/p>\n<p>T\u00e9o escuta e suspeita que ela esteja escondendo alguma coisa. Marina conta para T\u00e9o que est\u00e1 fingindo ter perdido a mem\u00f3ria para poder ajudar quem precisa. O menino diz que vai guardar o segredo. Regina pergunta para Manuela se ela tem algum contato com a irm\u00e3. A menina diz que n\u00e3o, mas para assust\u00e1-la, diz que de vez em quando parece que ela sente Isabela bem perto. Marina tenta ligar para Ofelio, mas Pedro a encontra com o telefone na m\u00e3o. Ela despista falando que pensou que o telefone estava tocando. Augusto e Fl\u00e1via terminam de escrever a pe\u00e7a.<\/p>\n<p>Padre Lutero entra na cl\u00ednica veterin\u00e1ria e encontra os dois. O padre pede que Augusto n\u00e3o se aproxime da sobrinha. O \u201cfantasma de Isabela\u201d aparece para Regina e pergunta sobre Marina. Regina responde que se ela fosse um fantasma de verdade saberia. Isabela foge e Regina manda seus capangas revistarem a casa a procura da menina. Mateus desconfia que T\u00e9o esconde um segredo. O menino vai trabalhar na sapataria, mas Giuseppe e Nico impedem que ele fique l\u00e1 e se encontre com \u201cAntonela\u201d. Navarro vai ao por\u00e3o e, por pouco, n\u00e3o encontra Isabela.<\/p>\n<p>(*) edi\u00e7\u00e3o do SBT, Novela \u201cC\u00famplices de um Resgate\u201d, sujeito a altera\u00e7\u00e3o de data e conte\u00fado.<\/p>\n","protected":false},"excerpt":{"rendered":"<p>Resumo novela \u201cC\u00famplices de um Resgate\u201d 05\/08: no cap\u00edtulo 151(*) da novela, segunda-feira, 05 de agosto, Ot\u00e1vio vai ao escrit\u00f3rio de Safira e diz que suspeita que algu\u00e9m armou para Rebeca e espera que n\u00e3o seja ela. Os c\u00famplices decidem investigar o paradeiro de Marina. Os meninos v\u00e3o at\u00e9 o galp\u00e3o. T\u00e9o conversa com Marina [&hellip;]<\/p>\n","protected":false},"author":2,"featured_media":164525,"comment_status":"open","ping_status":"closed","sticky":false,"template":"","format":"standard","meta":{"tdm_status":"","tdm_grid_status":"","footnotes":""},"categories":[379,372,343],"tags":[441],"class_list":{"0":"post-180027","1":"post","2":"type-post","3":"status-publish","4":"format-standard","5":"has-post-thumbnail","7":"category-novelas","8":"category-sbt","9":"category-televisao","10":"tag-resumo-do-dia"},"_links":{"self":[{"href":"https:\/\/migracao.redenoticia.com.br\/noticia\/wp-json\/wp\/v2\/posts\/180027","targetHints":{"allow":["GET"]}}],"collection":[{"href":"https:\/\/migracao.redenoticia.com.br\/noticia\/wp-json\/wp\/v2\/posts"}],"about":[{"href":"https:\/\/migracao.redenoticia.com.br\/noticia\/wp-json\/wp\/v2\/types\/post"}],"author":[{"embeddable":true,"href":"https:\/\/migracao.redenoticia.com.br\/noticia\/wp-json\/wp\/v2\/users\/2"}],"replies":[{"embeddable":true,"href":"https:\/\/migracao.redenoticia.com.br\/noticia\/wp-json\/wp\/v2\/comments?post=180027"}],"version-history":[{"count":0,"href":"https:\/\/migracao.redenoticia.com.br\/noticia\/wp-json\/wp\/v2\/posts\/180027\/revisions"}],"wp:featuredmedia":[{"embeddable":true,"href":"https:\/\/migracao.redenoticia.com.br\/noticia\/wp-json\/wp\/v2\/media\/164525"}],"wp:attachment":[{"href":"https:\/\/migracao.redenoticia.com.br\/noticia\/wp-json\/wp\/v2\/media?parent=180027"}],"wp:term":[{"taxonomy":"category","embeddable":true,"href":"https:\/\/migracao.redenoticia.com.br\/noticia\/wp-json\/wp\/v2\/categories?post=180027"},{"taxonomy":"post_tag","embeddable":true,"href":"https:\/\/migracao.redenoticia.com.br\/noticia\/wp-json\/wp\/v2\/tags?post=180027"}],"curies":[{"name":"wp","href":"https:\/\/api.w.org\/{rel}","templated":true}]}}