{"id":180084,"date":"2019-08-05T15:34:07","date_gmt":"2019-08-05T18:34:07","guid":{"rendered":"https:\/\/www.redenoticia.com.br\/noticia\/?p=180084"},"modified":"2019-08-05T15:34:14","modified_gmt":"2019-08-05T18:34:14","slug":"resumo-novela-a-dona-06-08-rodrigo-tenta-estrangular-cristina","status":"publish","type":"post","link":"https:\/\/migracao.redenoticia.com.br\/noticia\/2019\/resumo-novela-a-dona-06-08-rodrigo-tenta-estrangular-cristina\/180084","title":{"rendered":"Resumo novela \u201cA Dona\u201d 06\/08: Rodrigo tenta estrangular Cristina"},"content":{"rendered":"<p><img loading=\"lazy\" decoding=\"async\" class=\"aligncenter size-large wp-image-173633\" src=\"https:\/\/migracao.redenoticia.com.br\/noticia\/imagens\/a-dona-270x300.jpg\" alt=\"\" width=\"270\" height=\"300\" srcset=\"https:\/\/migracao.redenoticia.com.br\/noticia\/imagens\/a-dona-270x300.jpg 270w, https:\/\/migracao.redenoticia.com.br\/noticia\/imagens\/a-dona-168x187.jpg 168w, https:\/\/migracao.redenoticia.com.br\/noticia\/imagens\/a-dona.jpg 380w\" sizes=\"auto, (max-width: 270px) 100vw, 270px\" \/>Resumo da novela <strong><em>\u201cA Dona&#8221;<\/em><\/strong> em 06\/08: no cap\u00edtulo 092(*) da novela, ter\u00e7a-feira, 06 de agosto, Isabel diz ao Delegado Toledo que foi ela quem matou Oscar Almeida. Jos\u00e9 Miguel pergunta quem \u00e9 Oscar e Valentina o diz que era um s\u00f3cio de Alonso, que teve um romance com Ivana, e que algu\u00e9m o matou, mas tem absoluta certeza que n\u00e3o foi sua tia. Isabel declara que Ivana foi v\u00edtima de Alonso e de Oscar, dois homens sem escr\u00fapulos, e que matou Oscar para livrar sua filha dele. Valentina chega a delegacia exigindo ver sua tia, o Delegado diz que isso ser\u00e1 imposs\u00edvel at\u00e9 que terminem de interrog\u00e1-la. Jos\u00e9 Miguel procura tranquilizar Valentina, dizendo a que estar\u00e1 a seu lado at\u00e9 que consigam libertar Isabel.<\/p>\n<p>Isabel sustenta perante Ernesto e Valentina que ela assassinou Oscar, Valentina a abra\u00e7a e o Delegado Toledo tenta separa-las para prender Isabel, Jos\u00e9 Miguel pede ao Delegado que permita que Valentina fique um tempo com sua tia, ele responde que as autoridades est\u00e3o fazendo o seu trabalho e naquele momento Isabel precisa ser detida. O Delegado informa Ernesto e Valentina que Isabel ser\u00e1 transferida para uma pris\u00e3o feminina em 48 horas. Alonso se apresenta na casa de Valentina garantindo que Isabel n\u00e3o \u00e9 culpada pela morte de Oscar, pois sabe quem o matou, Jos\u00e9 Miguel o questiona e ele responde que n\u00e3o pode fazer acusa\u00e7\u00f5es abertamente sem ter as devidas provas.<\/p>\n<p>Cristina chorando incrimina Rodrigo por ter abusado de sua filha, e o amea\u00e7a de morte, Rodrigo tenta a estrangular, justamente nesse momento chega Filadelfo e salva Cristina de morrer nas m\u00e3os de Rodrigo. Isabel confessa ao Padre Ventura ter assumido a culpa para proteger Ivana, por que ela vai ser m\u00e3e e n\u00e3o deseja que seu neto nas\u00e7a na pris\u00e3o.<\/p>\n<p>(*) edi\u00e7\u00e3o do SBT, Novela \u201cA Dona\u201d, sujeito a altera\u00e7\u00e3o de data e conte\u00fado.<\/p>\n<p>Destaques<\/p>\n<p>&#8220;A Dona&#8221; &#8211; Valentina Vila\u00e7a (Lucero) \u00e9 uma mulher que tem uma grande fortuna, que seus pais deixaram para ela quando morreram em um acidente de carro. Ela tem uma mans\u00e3o na Cidade do M\u00e9xico, onde vive com sua tia Isabel Rangel de Dorantes (Silvia Pinal), e sua prima Ivana Dorantes Rangel (Gabriela Spanic) que trata Valentina com muita indiferen\u00e7a e sente inveja dela.<\/p>\n<p>Tudo muda para Valentina quando seu noivo Alonso Penalva (David Zepeda), tramando com Ivana no dia de seu casamento, a deixa esperando no altar. A partir da\u00ed, Valentina se torna uma mulher amarga, e vai para sua fazenda, no interior. Chegando l\u00e1, ela conhece seu vizinho Jos\u00e9 Miguel Montesinos (Fernando Colunga).<\/p>\n","protected":false},"excerpt":{"rendered":"<p>Resumo da novela \u201cA Dona&#8221; em 06\/08: no cap\u00edtulo 092(*) da novela, ter\u00e7a-feira, 06 de agosto, Isabel diz ao Delegado Toledo que foi ela quem matou Oscar Almeida. Jos\u00e9 Miguel pergunta quem \u00e9 Oscar e Valentina o diz que era um s\u00f3cio de Alonso, que teve um romance com Ivana, e que algu\u00e9m o matou, [&hellip;]<\/p>\n","protected":false},"author":4,"featured_media":173626,"comment_status":"open","ping_status":"closed","sticky":false,"template":"","format":"standard","meta":{"tdm_status":"","tdm_grid_status":"","footnotes":""},"categories":[379,372,343],"tags":[441],"class_list":{"0":"post-180084","1":"post","2":"type-post","3":"status-publish","4":"format-standard","5":"has-post-thumbnail","7":"category-novelas","8":"category-sbt","9":"category-televisao","10":"tag-resumo-do-dia"},"_links":{"self":[{"href":"https:\/\/migracao.redenoticia.com.br\/noticia\/wp-json\/wp\/v2\/posts\/180084","targetHints":{"allow":["GET"]}}],"collection":[{"href":"https:\/\/migracao.redenoticia.com.br\/noticia\/wp-json\/wp\/v2\/posts"}],"about":[{"href":"https:\/\/migracao.redenoticia.com.br\/noticia\/wp-json\/wp\/v2\/types\/post"}],"author":[{"embeddable":true,"href":"https:\/\/migracao.redenoticia.com.br\/noticia\/wp-json\/wp\/v2\/users\/4"}],"replies":[{"embeddable":true,"href":"https:\/\/migracao.redenoticia.com.br\/noticia\/wp-json\/wp\/v2\/comments?post=180084"}],"version-history":[{"count":0,"href":"https:\/\/migracao.redenoticia.com.br\/noticia\/wp-json\/wp\/v2\/posts\/180084\/revisions"}],"wp:featuredmedia":[{"embeddable":true,"href":"https:\/\/migracao.redenoticia.com.br\/noticia\/wp-json\/wp\/v2\/media\/173626"}],"wp:attachment":[{"href":"https:\/\/migracao.redenoticia.com.br\/noticia\/wp-json\/wp\/v2\/media?parent=180084"}],"wp:term":[{"taxonomy":"category","embeddable":true,"href":"https:\/\/migracao.redenoticia.com.br\/noticia\/wp-json\/wp\/v2\/categories?post=180084"},{"taxonomy":"post_tag","embeddable":true,"href":"https:\/\/migracao.redenoticia.com.br\/noticia\/wp-json\/wp\/v2\/tags?post=180084"}],"curies":[{"name":"wp","href":"https:\/\/api.w.org\/{rel}","templated":true}]}}