{"id":180147,"date":"2019-08-06T17:26:45","date_gmt":"2019-08-06T20:26:45","guid":{"rendered":"https:\/\/www.redenoticia.com.br\/noticia\/?p=180147"},"modified":"2019-08-06T17:26:56","modified_gmt":"2019-08-06T20:26:56","slug":"resumo-novela-a-dona-07-08-isabel-pede-que-leonor-cuide-de-ivana-e-seu-neto","status":"publish","type":"post","link":"https:\/\/migracao.redenoticia.com.br\/noticia\/2019\/resumo-novela-a-dona-07-08-isabel-pede-que-leonor-cuide-de-ivana-e-seu-neto\/180147","title":{"rendered":"Resumo novela \u201cA Dona\u201d 07\/08: Isabel pede que Leonor cuide de Ivana e seu neto"},"content":{"rendered":"<p><img loading=\"lazy\" decoding=\"async\" class=\"aligncenter size-large wp-image-173633\" src=\"https:\/\/migracao.redenoticia.com.br\/noticia\/imagens\/a-dona-270x300.jpg\" alt=\"\" width=\"270\" height=\"300\" srcset=\"https:\/\/migracao.redenoticia.com.br\/noticia\/imagens\/a-dona-270x300.jpg 270w, https:\/\/migracao.redenoticia.com.br\/noticia\/imagens\/a-dona-168x187.jpg 168w, https:\/\/migracao.redenoticia.com.br\/noticia\/imagens\/a-dona.jpg 380w\" sizes=\"auto, (max-width: 270px) 100vw, 270px\" \/>Resumo da novela <strong><em>\u201cA Dona&#8221;<\/em><\/strong> em 07\/08: no cap\u00edtulo 093(*) da novela, quarta-feira, 07 de agosto, Valentina diz a Rodrigo que j\u00e1 deixou bem claro que n\u00e3o quer nada com ele, e o prop\u00f5e que venda as terras dos Montesinos ao pre\u00e7o que quiser, pois ela paga. Rodrigo a diz que as terras n\u00e3o est\u00e3o \u00e1 venda, j\u00e1 que ele comprou as mesmas s\u00f3 para afrontar Jos\u00e9 Miguel. Valentina fica furiosa e pede a Rodrigo que n\u00e3o volte jamais \u00e1s suas terras. Alonso diz a Rodrigo que Valentina jamais se apaixonaria por um sujeito rude como ele, Rodrigo responde que Valentina ser\u00e1 dele e que nem Jos\u00e9 nem ele poder\u00e3o evitar que isso ocorra.<\/p>\n<p>Isabel tenta convencer Benita que foi a assassina de Oscar Almeida. Benita, chorando, responde que ela n\u00e3o precisa tentar engana-la, pois sabe que na hora da morte de Oscar, Isabel estava em casa, Benita a diz que ir\u00e1 depor a seu favor perante o delegado, Isabel suplica para que a amiga n\u00e3o fa\u00e7a isso. Sandra segue Felipe e se d\u00e1 conta que ele foi a Fazenda Montesinos, e certamente o fez por ainda estar apaixonado por Ivana. Felipe diz a Ivana que s\u00f3 n\u00e3o a entregou a pol\u00edcia para proteger seu beb\u00ea, mas que suas alucina\u00e7\u00f5es e mudan\u00e7as bruscas de humor podem afeta-la seriamente, assim que o mais recomend\u00e1vel seria que Ivana visitasse um psic\u00f3logo.<\/p>\n<p>Ivana, furiosa, responde que n\u00e3o est\u00e1 louca e expulsa Felipe de sua casa. Jos\u00e9 Miguel diz \u00e1 Valentina que o homem que est\u00e1 evitando a compra do leite da fazenda \u201cOs Carac\u00f3is\u201d \u00e9 Rodrigo, e que ele est\u00e1 fazendo isso para enfraquecer Valentina, e obriga-la a ter tratos com ele. Leonor visita Isabel na pris\u00e3o e a diz que \u00e9 impressionante que ela seja uma assassina, que \u00e9 um p\u00e9ssimo exemplo para sua filha e seu neto, por isso o melhor que tinha a fazer era pedir que a dessem por morta, Isabel pede que Leonor cuide de Ivana e seu neto.<\/p>\n<p>(*) edi\u00e7\u00e3o do SBT, Novela \u201cA Dona\u201d, sujeito a altera\u00e7\u00e3o de data e conte\u00fado.<\/p>\n<p>Destaques<\/p>\n<p>&#8220;A Dona&#8221; &#8211; Valentina Vila\u00e7a (Lucero) \u00e9 uma mulher que tem uma grande fortuna, que seus pais deixaram para ela quando morreram em um acidente de carro. Ela tem uma mans\u00e3o na Cidade do M\u00e9xico, onde vive com sua tia Isabel Rangel de Dorantes (Silvia Pinal), e sua prima Ivana Dorantes Rangel (Gabriela Spanic) que trata Valentina com muita indiferen\u00e7a e sente inveja dela.<\/p>\n<p>Tudo muda para Valentina quando seu noivo Alonso Penalva (David Zepeda), tramando com Ivana no dia de seu casamento, a deixa esperando no altar. A partir da\u00ed, Valentina se torna uma mulher amarga, e vai para sua fazenda, no interior. Chegando l\u00e1, ela conhece seu vizinho Jos\u00e9 Miguel Montesinos (Fernando Colunga).<\/p>\n","protected":false},"excerpt":{"rendered":"<p>Resumo da novela \u201cA Dona&#8221; em 07\/08: no cap\u00edtulo 093(*) da novela, quarta-feira, 07 de agosto, Valentina diz a Rodrigo que j\u00e1 deixou bem claro que n\u00e3o quer nada com ele, e o prop\u00f5e que venda as terras dos Montesinos ao pre\u00e7o que quiser, pois ela paga. Rodrigo a diz que as terras n\u00e3o est\u00e3o [&hellip;]<\/p>\n","protected":false},"author":4,"featured_media":173626,"comment_status":"open","ping_status":"closed","sticky":false,"template":"","format":"standard","meta":{"tdm_status":"","tdm_grid_status":"","footnotes":""},"categories":[379,372,343],"tags":[441],"class_list":{"0":"post-180147","1":"post","2":"type-post","3":"status-publish","4":"format-standard","5":"has-post-thumbnail","7":"category-novelas","8":"category-sbt","9":"category-televisao","10":"tag-resumo-do-dia"},"_links":{"self":[{"href":"https:\/\/migracao.redenoticia.com.br\/noticia\/wp-json\/wp\/v2\/posts\/180147","targetHints":{"allow":["GET"]}}],"collection":[{"href":"https:\/\/migracao.redenoticia.com.br\/noticia\/wp-json\/wp\/v2\/posts"}],"about":[{"href":"https:\/\/migracao.redenoticia.com.br\/noticia\/wp-json\/wp\/v2\/types\/post"}],"author":[{"embeddable":true,"href":"https:\/\/migracao.redenoticia.com.br\/noticia\/wp-json\/wp\/v2\/users\/4"}],"replies":[{"embeddable":true,"href":"https:\/\/migracao.redenoticia.com.br\/noticia\/wp-json\/wp\/v2\/comments?post=180147"}],"version-history":[{"count":0,"href":"https:\/\/migracao.redenoticia.com.br\/noticia\/wp-json\/wp\/v2\/posts\/180147\/revisions"}],"wp:featuredmedia":[{"embeddable":true,"href":"https:\/\/migracao.redenoticia.com.br\/noticia\/wp-json\/wp\/v2\/media\/173626"}],"wp:attachment":[{"href":"https:\/\/migracao.redenoticia.com.br\/noticia\/wp-json\/wp\/v2\/media?parent=180147"}],"wp:term":[{"taxonomy":"category","embeddable":true,"href":"https:\/\/migracao.redenoticia.com.br\/noticia\/wp-json\/wp\/v2\/categories?post=180147"},{"taxonomy":"post_tag","embeddable":true,"href":"https:\/\/migracao.redenoticia.com.br\/noticia\/wp-json\/wp\/v2\/tags?post=180147"}],"curies":[{"name":"wp","href":"https:\/\/api.w.org\/{rel}","templated":true}]}}