{"id":180149,"date":"2019-08-06T17:28:23","date_gmt":"2019-08-06T20:28:23","guid":{"rendered":"https:\/\/www.redenoticia.com.br\/noticia\/?p=180149"},"modified":"2019-08-06T17:28:31","modified_gmt":"2019-08-06T20:28:31","slug":"resumo-novela-a-que-nao-podia-amar-07-08-ana-diz-a-gustavo-que-ama-rogerio","status":"publish","type":"post","link":"https:\/\/migracao.redenoticia.com.br\/noticia\/2019\/resumo-novela-a-que-nao-podia-amar-07-08-ana-diz-a-gustavo-que-ama-rogerio\/180149","title":{"rendered":"Resumo novela \u201cA Que N\u00e3o Podia Amar\u201d 07\/08: Ana diz a Gustavo que ama Rog\u00e9rio"},"content":{"rendered":"<p><strong><em><img loading=\"lazy\" decoding=\"async\" class=\"aligncenter size-large wp-image-173635\" src=\"https:\/\/migracao.redenoticia.com.br\/noticia\/imagens\/a-que-nao-podia-amar-400x271.jpg\" alt=\"\" width=\"400\" height=\"271\" srcset=\"https:\/\/migracao.redenoticia.com.br\/noticia\/imagens\/a-que-nao-podia-amar-400x271.jpg 400w, https:\/\/migracao.redenoticia.com.br\/noticia\/imagens\/a-que-nao-podia-amar-250x169.jpg 250w, https:\/\/migracao.redenoticia.com.br\/noticia\/imagens\/a-que-nao-podia-amar-560x379.jpg 560w, https:\/\/migracao.redenoticia.com.br\/noticia\/imagens\/a-que-nao-podia-amar.jpg 620w\" sizes=\"auto, (max-width: 400px) 100vw, 400px\" \/><\/em><\/strong><\/p>\n<p>Resumo da novela<strong><em> \u201cA Que N\u00e3o Podia Amar\u201d&nbsp;<\/em><\/strong> em 07\/08: no cap\u00edtulo 088(*) da novela, quarta-feira, 07 de agosto, Miguel conta para Rosaura que ele e Dany decidiram se casar. A tia do rapaz n\u00e3o se surpreende, mas alerta que tome cuidado porque quando as dificuldades financeiras aparecerem, o amor sai pela outra porta. Miguel se irrita com os coment\u00e1rios. Rog\u00e9rio briga com C\u00edntia por ter se casado e tenta subornar a irm\u00e3, alegando que entrega sua heran\u00e7a se ela se divorciar imediatamente. Rosaura e Miguel brigam. C\u00edntia recusa a proposta do irm\u00e3o e diz que o motivo mais importante para ter se casado \u00e9 porque ama o engenheiro.<\/p>\n<p>C\u00edntia diz a Rog\u00e9rio que a situa\u00e7\u00e3o dela com Gustavo \u00e9 a mesma que a dele com Ana Paula e que portanto n\u00e3o pode recrimin\u00e1-la. Ana Paula confessa a Dany que tem medo do que pode acontecer com Gustavo vivendo na fazenda. Elias desabafa com Ulisses e diz que est\u00e1 apaixonado por uma mulher proibida, ele questiona se est\u00e1 apaixonado por uma mulher casada. Rog\u00e9rio acusa Ana Paula de estar feliz com a presen\u00e7a de Gustavo na fazenda e pro\u00edbe a esposa de ficar a s\u00f3s com o ex-namorado. Enquanto isso, C\u00edntia confessa a Gustavo que tem medo do que seu irm\u00e3o poderia fazer, mas ele a abra\u00e7a e tranquiliza. Rog\u00e9rio quer que Ana Paula atue como uma esposa amorosa na frente de Gustavo, conforme diz o contrato. A mo\u00e7a fica angustiada e teme pela vida do ex-namorado.<\/p>\n<p>Ana Paula implora a ajuda de Vanessa para desfazer o contrato que tem com Rog\u00e9rio, pois poderia acontecer uma trag\u00e9dia. Ela complementa dizendo que sabe que sua irm\u00e3 ama seu marido e que precisa ir embora da fazenda. Rog\u00e9rio escuta tudo e conclui que certamente Ana Paula ainda ama a Gustavo. Enquanto isso, Gustavo confessa a C\u00edntia que n\u00e3o confia em Bruno, pois suspeita que foi o advogado quem mandou bater nele quando era namorado de Ana Paula e pensa que ele est\u00e1 envolvido no caso do clembuterol. C\u00edntia se surpreende com as desconfian\u00e7as. Miguel entrega uma quantia em dinheiro para Rog\u00e9rio pelos gastos de sua tia no hospital e recrimina o cunhado pela presen\u00e7a de Vanessa na fazenda. Gustavo conta a Estev\u00e3o quais s\u00e3o seus planos. Ernesto diz a Mercedes que ela n\u00e3o pode viver em fun\u00e7\u00e3o do seu irm\u00e3o. Ela responde o acusando de ficar a disposi\u00e7\u00e3o de Rog\u00e9rio. Os dois discutem.<\/p>\n<p>Estev\u00e3o se revolta ao saber que Vanessa est\u00e1 vivendo na fazenda. Maria diz para Gustavo fazer valer a pena o rompimento de C\u00edntia e Rog\u00e9rio. Ana Paula adverte a tia que quando quiser seus conselhos ela pedir\u00e1. Rog\u00e9rio re\u00fane todos na mesa e conta que ele e Ana Paula v\u00e3o dar uma festa para comemorar o casamento de C\u00edntia e Gustavo. Ana Paula se surpreende, mas confirma. Estev\u00e3o recrimina Vanessa pela sua situa\u00e7\u00e3o com Rog\u00e9rio, Rosa v\u00ea os dois juntos. Provocando, Rog\u00e9rio questiona se C\u00edntia e Gustavo n\u00e3o pensam em se casar pela igreja, j\u00e1 que n\u00e3o convidaram ningu\u00e9m para a cerim\u00f4nia civil. Ana conversa frente a frente com Gustavo para desejar que ele seja feliz com C\u00edntia e deixa claro que j\u00e1 definiu seus sentimentos, ela diz que ama Rog\u00e9rio. Enquanto isso, o fazendeiro agradece a Ulisses pela carta de Marquinho e revela que isso mudou a vida dele e do menino.<\/p>\n<p>Gustavo se surpreende com a revela\u00e7\u00e3o da ex-namorada e conta que s\u00f3 se casou com C\u00edntia para ficar perto dela. M\u00e1rcia descobre que C\u00edntia se casou e conclui que ela era a causa do sofrimento de Elias. Rog\u00e9rio questiona como a carta de Marquinho chegou \u00e1s m\u00e3os de Maria. Elias enfrenta C\u00edntia e questiona o porqu\u00ea se casou com o engenheiro. Ela alega que s\u00f3 se casou para conseguir a heran\u00e7a. Elias conta que Maria encontrou a carta e pede ajuda para continuar na fazenda, ou caso contr\u00e1rio, contar\u00e1 que foi a mo\u00e7a quem ordenou que ele escondesse a informa\u00e7\u00e3o do patr\u00e3o. Gustavo conta a Mercedes que Ana Paula confessou que ama a Rog\u00e9rio e a irm\u00e3 do engenheiro apela para que ele esque\u00e7a a ex. Rog\u00e9rio cobra explica\u00e7\u00f5es de Elias sobre a carta de Marquinho.<\/p>\n<p>(*) edi\u00e7\u00e3o do SBT, Novela \u201cA Que N\u00e3o Podia Amar\u201d, sujeito a altera\u00e7\u00e3o de data e conte\u00fado.<\/p>\n<p>Destaques<\/p>\n<p>&#8220;A Que N\u00e3o Podia Amar&#8221;- Ana Paula, uma enfermeira humilde que se v\u00ea obrigada a trabalhar na casa de Rog\u00e9rio Montero (Jorge Salinas), um homem amargurado. Rog\u00e9rio sofre por ser parapl\u00e9gico e destrata todas as pessoas. Ana Paula atura tudo calada e o rica\u00e7o se apaixona por ela.<\/p>\n<p>Ana conhece Gustavo Duran (Jos\u00e9 Ron), um engenheiro nobre e trabalhador. Os dois se apaixonam, mas ter\u00e3o de enfrentar Rog\u00e9rio, j\u00e1 que ele tamb\u00e9m gosta da mocinha, formando assim, um tri\u00e2ngulo amoroso com terr\u00edveis consequ\u00eancias.<\/p>\n","protected":false},"excerpt":{"rendered":"<p>Resumo da novela \u201cA Que N\u00e3o Podia Amar\u201d&nbsp; em 07\/08: no cap\u00edtulo 088(*) da novela, quarta-feira, 07 de agosto, Miguel conta para Rosaura que ele e Dany decidiram se casar. A tia do rapaz n\u00e3o se surpreende, mas alerta que tome cuidado porque quando as dificuldades financeiras aparecerem, o amor sai pela outra porta. Miguel [&hellip;]<\/p>\n","protected":false},"author":4,"featured_media":173627,"comment_status":"open","ping_status":"closed","sticky":false,"template":"","format":"standard","meta":{"tdm_status":"","tdm_grid_status":"","footnotes":""},"categories":[379,372,343],"tags":[441],"class_list":{"0":"post-180149","1":"post","2":"type-post","3":"status-publish","4":"format-standard","5":"has-post-thumbnail","7":"category-novelas","8":"category-sbt","9":"category-televisao","10":"tag-resumo-do-dia"},"_links":{"self":[{"href":"https:\/\/migracao.redenoticia.com.br\/noticia\/wp-json\/wp\/v2\/posts\/180149","targetHints":{"allow":["GET"]}}],"collection":[{"href":"https:\/\/migracao.redenoticia.com.br\/noticia\/wp-json\/wp\/v2\/posts"}],"about":[{"href":"https:\/\/migracao.redenoticia.com.br\/noticia\/wp-json\/wp\/v2\/types\/post"}],"author":[{"embeddable":true,"href":"https:\/\/migracao.redenoticia.com.br\/noticia\/wp-json\/wp\/v2\/users\/4"}],"replies":[{"embeddable":true,"href":"https:\/\/migracao.redenoticia.com.br\/noticia\/wp-json\/wp\/v2\/comments?post=180149"}],"version-history":[{"count":0,"href":"https:\/\/migracao.redenoticia.com.br\/noticia\/wp-json\/wp\/v2\/posts\/180149\/revisions"}],"wp:featuredmedia":[{"embeddable":true,"href":"https:\/\/migracao.redenoticia.com.br\/noticia\/wp-json\/wp\/v2\/media\/173627"}],"wp:attachment":[{"href":"https:\/\/migracao.redenoticia.com.br\/noticia\/wp-json\/wp\/v2\/media?parent=180149"}],"wp:term":[{"taxonomy":"category","embeddable":true,"href":"https:\/\/migracao.redenoticia.com.br\/noticia\/wp-json\/wp\/v2\/categories?post=180149"},{"taxonomy":"post_tag","embeddable":true,"href":"https:\/\/migracao.redenoticia.com.br\/noticia\/wp-json\/wp\/v2\/tags?post=180149"}],"curies":[{"name":"wp","href":"https:\/\/api.w.org\/{rel}","templated":true}]}}