{"id":180151,"date":"2019-08-06T17:29:34","date_gmt":"2019-08-06T20:29:34","guid":{"rendered":"https:\/\/www.redenoticia.com.br\/noticia\/?p=180151"},"modified":"2019-08-06T17:29:42","modified_gmt":"2019-08-06T20:29:42","slug":"resumo-novela-as-aventuras-de-poliana-07-08-waldisney-invade-a-casa-de-pendleton","status":"publish","type":"post","link":"https:\/\/migracao.redenoticia.com.br\/noticia\/2019\/resumo-novela-as-aventuras-de-poliana-07-08-waldisney-invade-a-casa-de-pendleton\/180151","title":{"rendered":"Resumo novela \u201cAs Aventuras de Poliana\u201d 07\/08: Waldisney invade a casa de Pendleton"},"content":{"rendered":"<p><strong><em><img loading=\"lazy\" decoding=\"async\" class=\"aligncenter size-large wp-image-148662\" src=\"https:\/\/migracao.redenoticia.com.br\/noticia\/imagens\/as-aventuras-de-poliana-novela-400x267.jpg\" alt=\"\" width=\"400\" height=\"267\" srcset=\"https:\/\/migracao.redenoticia.com.br\/noticia\/imagens\/as-aventuras-de-poliana-novela-400x267.jpg 400w, https:\/\/migracao.redenoticia.com.br\/noticia\/imagens\/as-aventuras-de-poliana-novela-250x167.jpg 250w, https:\/\/migracao.redenoticia.com.br\/noticia\/imagens\/as-aventuras-de-poliana-novela-150x100.jpg 150w, https:\/\/migracao.redenoticia.com.br\/noticia\/imagens\/as-aventuras-de-poliana-novela.jpg 600w\" sizes=\"auto, (max-width: 400px) 100vw, 400px\" \/>Resumo novela \u201cAs Aventuras de Poliana\u201d 07\/08<\/em><\/strong>: no cap\u00edtulo 321(*) da novela, resumo de quarta-feira, 07 de agosto, devido \u00e0 quebra de contrato, Pendleton pede que Sophie devolva o bra\u00e7o mec\u00e2nico. Um desenho com as iniciais \u201cDL\u201d aparece pichado na parede do col\u00e9gio, deixando Ruth intrigada para saber quem foi o autor. Poliana conta a Lorena que acha que Sara est\u00e1 a seguindo. Luisa encontra o pen drive que Nancy guardou na gaveta de seu escrit\u00f3rio.Fernanda conta a Durval sobre a rebeldia de Raquel, e ele decide tomar uma atitude.<\/p>\n<p>Poliana ajuda Jo\u00e3o a reescrever a carta que o menino fez para sua m\u00e3e. Ap\u00f3s o v\u00eddeo de Mirela, Luca fica furioso e a confronta. Ruth pede que Lindomar encontre o autor da pixa\u00e7\u00e3o na parede da escola. Se passando por seu \u201cirm\u00e3o g\u00eameo\u201d, Salvador aparece na escola para buscar seus pertences. Guilherme est\u00e1 empenhado em descobrir a identidade da Dark Lady, sua oponente no jogo. Pendleton continua a trabalhar para dar vida a seu projeto.<\/p>\n<p>Sergio fica ansioso para o lan\u00e7amento do Vetherna em VR. Eric tenta boicotar a rela\u00e7\u00e3o de Hugo e Paola. Brenda e Raquel ficam cada vez mais pr\u00f3ximas. D\u00e9bora descobre a mentira de Salvador. No col\u00e9gio, os alunos se preparam para realizar o prov\u00e3o. Raquel briga com Mirela, e diz que cansou de ser a amiga boazinha. Se passando por entregador, Mosquito invade a casa de Pendleton. Salvador confessa sua mentira a Marcelo. Waldisney invade a casa de Pendleton, mas \u00e9 pego por ele.<\/p>\n<p>(*) edi\u00e7\u00e3o do SBT, Novela \u201cAs Aventuras de Poliana\u201d, sujeito a altera\u00e7\u00e3o de data e conte\u00fado.<\/p>\n<p>Poliana \u00e9 uma menina extrovertida e de bom cora\u00e7\u00e3o que viajava o Brasil com seus pais, Lorenzo e Alice, no grupo circense Trupe Vagalume. Aos onze anos a garota v\u00ea seu mundo desabar quando seus pais falecem e ela tem que ir morar em S\u00e3o Paulo com sua tia Lu\u00edsa, uma mulher rica e severa, a qual ela n\u00e3o conhecia e que n\u00e3o queria cuidar dela, embora sinta que \u00e9 sua obriga\u00e7\u00e3o pela alma de sua irm\u00e3. Apesar do jeito da rigidez da tia, Poliana decide ter uma vis\u00e3o positiva e inabal\u00e1vel da vida, mesmo nos momentos de dificuldade, tentando levar um pouco de felicidade para a vida de cada um dos seus novos amigos e vizinhos, como o Sr. Pendleton, um homem rico e infeliz por nunca ter tido filhos. Ela vai estudar no col\u00e9gio de Ruth, uma diretora de bom cora\u00e7\u00e3o que a ajuda a se adaptar, mas tem que lidar com as vilanias de Mirela, garota mais velha que n\u00e3o aceita perder a popularidade para uma novata.<\/p>\n","protected":false},"excerpt":{"rendered":"<p>Resumo novela \u201cAs Aventuras de Poliana\u201d 07\/08: no cap\u00edtulo 321(*) da novela, resumo de quarta-feira, 07 de agosto, devido \u00e0 quebra de contrato, Pendleton pede que Sophie devolva o bra\u00e7o mec\u00e2nico. Um desenho com as iniciais \u201cDL\u201d aparece pichado na parede do col\u00e9gio, deixando Ruth intrigada para saber quem foi o autor. Poliana conta a [&hellip;]<\/p>\n","protected":false},"author":4,"featured_media":148663,"comment_status":"open","ping_status":"closed","sticky":false,"template":"","format":"standard","meta":{"tdm_status":"","tdm_grid_status":"","footnotes":""},"categories":[477,379,372,343],"tags":[441],"class_list":{"0":"post-180151","1":"post","2":"type-post","3":"status-publish","4":"format-standard","5":"has-post-thumbnail","7":"category-as-aventuras-de-poliana","8":"category-novelas","9":"category-sbt","10":"category-televisao","11":"tag-resumo-do-dia"},"_links":{"self":[{"href":"https:\/\/migracao.redenoticia.com.br\/noticia\/wp-json\/wp\/v2\/posts\/180151","targetHints":{"allow":["GET"]}}],"collection":[{"href":"https:\/\/migracao.redenoticia.com.br\/noticia\/wp-json\/wp\/v2\/posts"}],"about":[{"href":"https:\/\/migracao.redenoticia.com.br\/noticia\/wp-json\/wp\/v2\/types\/post"}],"author":[{"embeddable":true,"href":"https:\/\/migracao.redenoticia.com.br\/noticia\/wp-json\/wp\/v2\/users\/4"}],"replies":[{"embeddable":true,"href":"https:\/\/migracao.redenoticia.com.br\/noticia\/wp-json\/wp\/v2\/comments?post=180151"}],"version-history":[{"count":0,"href":"https:\/\/migracao.redenoticia.com.br\/noticia\/wp-json\/wp\/v2\/posts\/180151\/revisions"}],"wp:featuredmedia":[{"embeddable":true,"href":"https:\/\/migracao.redenoticia.com.br\/noticia\/wp-json\/wp\/v2\/media\/148663"}],"wp:attachment":[{"href":"https:\/\/migracao.redenoticia.com.br\/noticia\/wp-json\/wp\/v2\/media?parent=180151"}],"wp:term":[{"taxonomy":"category","embeddable":true,"href":"https:\/\/migracao.redenoticia.com.br\/noticia\/wp-json\/wp\/v2\/categories?post=180151"},{"taxonomy":"post_tag","embeddable":true,"href":"https:\/\/migracao.redenoticia.com.br\/noticia\/wp-json\/wp\/v2\/tags?post=180151"}],"curies":[{"name":"wp","href":"https:\/\/api.w.org\/{rel}","templated":true}]}}