{"id":180153,"date":"2019-08-06T17:30:55","date_gmt":"2019-08-06T20:30:55","guid":{"rendered":"https:\/\/www.redenoticia.com.br\/noticia\/?p=180153"},"modified":"2019-08-06T17:31:02","modified_gmt":"2019-08-06T20:31:02","slug":"resumo-novela-cumplices-de-um-resgate-07-08-isabela-entrega-sua-fantasia-de-fantasma-para-ofelio","status":"publish","type":"post","link":"https:\/\/migracao.redenoticia.com.br\/noticia\/2019\/resumo-novela-cumplices-de-um-resgate-07-08-isabela-entrega-sua-fantasia-de-fantasma-para-ofelio\/180153","title":{"rendered":"Resumo novela \u201cC\u00famplices de um Resgate\u201d 07\/08: Isabela entrega sua fantasia de fantasma para Of\u00e9lio"},"content":{"rendered":"<p><img loading=\"lazy\" decoding=\"async\" class=\"aligncenter size-large wp-image-164526\" src=\"https:\/\/migracao.redenoticia.com.br\/noticia\/imagens\/cumplices-de-um-resgate-001-316x300.jpg\" alt=\"\" width=\"316\" height=\"300\" srcset=\"https:\/\/migracao.redenoticia.com.br\/noticia\/imagens\/cumplices-de-um-resgate-001-316x300.jpg 316w, https:\/\/migracao.redenoticia.com.br\/noticia\/imagens\/cumplices-de-um-resgate-001-197x187.jpg 197w, https:\/\/migracao.redenoticia.com.br\/noticia\/imagens\/cumplices-de-um-resgate-001-150x143.jpg 150w, https:\/\/migracao.redenoticia.com.br\/noticia\/imagens\/cumplices-de-um-resgate-001.jpg 526w\" sizes=\"auto, (max-width: 316px) 100vw, 316px\" \/> Resumo novela \u201cC\u00famplices de um Resgate\u201d 07\/08: no cap\u00edtulo 153(*) da novela, quarta-feira, 07 de agosto, Fred posta na internet o v\u00eddeo que fez com seus colegas de escrit\u00f3rio. Navarro mostra o papel de bala para Geraldo e diz que \u00e9 de Felipe. Joel vai ao vilarejo e encontra a bagun\u00e7a no coreto. Fiorina conta o que aconteceu a Joel, que pede desculpa a todos e diz que ir\u00e1 cuidar da limpeza do vilarejo. Navarro entra na casa dos Vaz e encontra as provas que os meninos levaram do galp\u00e3o. Isabela entrega sua fantasia de fantasma para Ofelio e diz para ele falar para Regina que encontrou na rua. Assim, ela pensar\u00e1 que a menina fugiu.<\/p>\n<p>No haras, Joel d\u00e1 uma bronca em Omar. O menino o desafia e pergunta o motivo do pai se fazer de bonzinho para o vilarejo. As crian\u00e7as Vaz encontram sua casa revirada e notam que as provas sumiram. Eles encontram um bilhete que chantageia os meninos a ficarem quietos, caso contr\u00e1rio, eles saem da banda e Vicente perde o emprego. Safira, indignada, mostra o v\u00eddeo de Fred para Ot\u00e1vio, que acha a ideia genial. O v\u00eddeo faz sucesso na internet e faz com que a p\u00e1gina da empresa na rede social tenha mais curtidas. Joel precisa se dinheiro para pagar o preju\u00edzo da caminhonete e liga para cobrar a d\u00edvida de Geraldo. Geraldo diz que vai ao haras para conversar pessoalmente.<\/p>\n<p>Isabela vai ao quarto de Manuela e pede para irm\u00e3 ficar preparada para fugir a qualquer momento. Ofelio mostra o vestido para Regina e faz como Isabela lhe pediu. Luis se preocupa por estar sem dinheiro e emprego. Lola descobre que Meire est\u00e1 doente. Fiorina pede para \u201cAntonela\u201d cuidar da sorveteria por um momento. Geraldo e seus capangas chegam ao vilarejo. Vargas entra na sorveteria e Marina se esconde. Geraldo paga uma parte da d\u00edvida com Joel. Manuela pensa que Geraldo foi ao vilarejo fazer mal a sua fam\u00edlia.<\/p>\n<p>(*) edi\u00e7\u00e3o do SBT, Novela \u201cC\u00famplices de um Resgate\u201d, sujeito a altera\u00e7\u00e3o de data e conte\u00fado.<\/p>\n","protected":false},"excerpt":{"rendered":"<p>Resumo novela \u201cC\u00famplices de um Resgate\u201d 07\/08: no cap\u00edtulo 153(*) da novela, quarta-feira, 07 de agosto, Fred posta na internet o v\u00eddeo que fez com seus colegas de escrit\u00f3rio. Navarro mostra o papel de bala para Geraldo e diz que \u00e9 de Felipe. Joel vai ao vilarejo e encontra a bagun\u00e7a no coreto. Fiorina conta [&hellip;]<\/p>\n","protected":false},"author":4,"featured_media":164526,"comment_status":"open","ping_status":"closed","sticky":false,"template":"","format":"standard","meta":{"tdm_status":"","tdm_grid_status":"","footnotes":""},"categories":[379,372,343],"tags":[441],"class_list":{"0":"post-180153","1":"post","2":"type-post","3":"status-publish","4":"format-standard","5":"has-post-thumbnail","7":"category-novelas","8":"category-sbt","9":"category-televisao","10":"tag-resumo-do-dia"},"_links":{"self":[{"href":"https:\/\/migracao.redenoticia.com.br\/noticia\/wp-json\/wp\/v2\/posts\/180153","targetHints":{"allow":["GET"]}}],"collection":[{"href":"https:\/\/migracao.redenoticia.com.br\/noticia\/wp-json\/wp\/v2\/posts"}],"about":[{"href":"https:\/\/migracao.redenoticia.com.br\/noticia\/wp-json\/wp\/v2\/types\/post"}],"author":[{"embeddable":true,"href":"https:\/\/migracao.redenoticia.com.br\/noticia\/wp-json\/wp\/v2\/users\/4"}],"replies":[{"embeddable":true,"href":"https:\/\/migracao.redenoticia.com.br\/noticia\/wp-json\/wp\/v2\/comments?post=180153"}],"version-history":[{"count":0,"href":"https:\/\/migracao.redenoticia.com.br\/noticia\/wp-json\/wp\/v2\/posts\/180153\/revisions"}],"wp:featuredmedia":[{"embeddable":true,"href":"https:\/\/migracao.redenoticia.com.br\/noticia\/wp-json\/wp\/v2\/media\/164526"}],"wp:attachment":[{"href":"https:\/\/migracao.redenoticia.com.br\/noticia\/wp-json\/wp\/v2\/media?parent=180153"}],"wp:term":[{"taxonomy":"category","embeddable":true,"href":"https:\/\/migracao.redenoticia.com.br\/noticia\/wp-json\/wp\/v2\/categories?post=180153"},{"taxonomy":"post_tag","embeddable":true,"href":"https:\/\/migracao.redenoticia.com.br\/noticia\/wp-json\/wp\/v2\/tags?post=180153"}],"curies":[{"name":"wp","href":"https:\/\/api.w.org\/{rel}","templated":true}]}}