{"id":1802,"date":"2009-05-20T14:09:10","date_gmt":"2009-05-20T18:09:10","guid":{"rendered":"http:\/\/www.redenoticia.com.br\/noticia\/?p=1802"},"modified":"2009-08-29T19:07:35","modified_gmt":"2009-08-29T23:07:35","slug":"deu-na-coluna-do-claudio-humberto-2","status":"publish","type":"post","link":"https:\/\/migracao.redenoticia.com.br\/noticia\/2009\/deu-na-coluna-do-claudio-humberto-2\/1802","title":{"rendered":"Deu no Claudio Humberto"},"content":{"rendered":"<p><strong>O rei do gado<\/strong><\/p>\n<p>Ap\u00f3s fazer apologia da maconha, o ministro Carlos Minc (Meio Ambiente) produz outro fact\u00f3ide, agora em Rond\u00f4nia, capturando bois em \u00e1reas de preserva\u00e7\u00e3o. Na \u00faltima presepada do g\u00eanero, no Par\u00e1, fez o contribuinte gastar R$ 1 milh\u00e3o para manter o gado confinado por dois meses.<\/p>\n","protected":false},"excerpt":{"rendered":"<p>O rei do gado Ap\u00f3s fazer apologia da maconha, o ministro Carlos Minc (Meio Ambiente) produz outro fact\u00f3ide, agora em Rond\u00f4nia, capturando bois em \u00e1reas de preserva\u00e7\u00e3o. Na \u00faltima presepada do g\u00eanero, no Par\u00e1, fez o contribuinte gastar R$ 1 milh\u00e3o para manter o gado confinado por dois meses.<\/p>\n","protected":false},"author":2,"featured_media":0,"comment_status":"open","ping_status":"open","sticky":false,"template":"","format":"standard","meta":{"tdm_status":"","tdm_grid_status":"","footnotes":""},"categories":[22],"tags":[],"class_list":{"0":"post-1802","1":"post","2":"type-post","3":"status-publish","4":"format-standard","6":"category-brasil"},"_links":{"self":[{"href":"https:\/\/migracao.redenoticia.com.br\/noticia\/wp-json\/wp\/v2\/posts\/1802","targetHints":{"allow":["GET"]}}],"collection":[{"href":"https:\/\/migracao.redenoticia.com.br\/noticia\/wp-json\/wp\/v2\/posts"}],"about":[{"href":"https:\/\/migracao.redenoticia.com.br\/noticia\/wp-json\/wp\/v2\/types\/post"}],"author":[{"embeddable":true,"href":"https:\/\/migracao.redenoticia.com.br\/noticia\/wp-json\/wp\/v2\/users\/2"}],"replies":[{"embeddable":true,"href":"https:\/\/migracao.redenoticia.com.br\/noticia\/wp-json\/wp\/v2\/comments?post=1802"}],"version-history":[{"count":0,"href":"https:\/\/migracao.redenoticia.com.br\/noticia\/wp-json\/wp\/v2\/posts\/1802\/revisions"}],"wp:attachment":[{"href":"https:\/\/migracao.redenoticia.com.br\/noticia\/wp-json\/wp\/v2\/media?parent=1802"}],"wp:term":[{"taxonomy":"category","embeddable":true,"href":"https:\/\/migracao.redenoticia.com.br\/noticia\/wp-json\/wp\/v2\/categories?post=1802"},{"taxonomy":"post_tag","embeddable":true,"href":"https:\/\/migracao.redenoticia.com.br\/noticia\/wp-json\/wp\/v2\/tags?post=1802"}],"curies":[{"name":"wp","href":"https:\/\/api.w.org\/{rel}","templated":true}]}}