{"id":180211,"date":"2019-08-07T17:49:30","date_gmt":"2019-08-07T20:49:30","guid":{"rendered":"https:\/\/www.redenoticia.com.br\/noticia\/?p=180211"},"modified":"2019-08-07T17:49:38","modified_gmt":"2019-08-07T20:49:38","slug":"resumo-novela-a-dona-08-08-o-delegado-toledo-visita-ivana","status":"publish","type":"post","link":"https:\/\/migracao.redenoticia.com.br\/noticia\/2019\/resumo-novela-a-dona-08-08-o-delegado-toledo-visita-ivana\/180211","title":{"rendered":"Resumo novela \u201cA Dona\u201d 08\/08: O delegado Toledo visita Ivana"},"content":{"rendered":"<p><img loading=\"lazy\" decoding=\"async\" class=\"aligncenter size-large wp-image-173633\" src=\"https:\/\/migracao.redenoticia.com.br\/noticia\/imagens\/a-dona-270x300.jpg\" alt=\"\" width=\"270\" height=\"300\" srcset=\"https:\/\/migracao.redenoticia.com.br\/noticia\/imagens\/a-dona-270x300.jpg 270w, https:\/\/migracao.redenoticia.com.br\/noticia\/imagens\/a-dona-168x187.jpg 168w, https:\/\/migracao.redenoticia.com.br\/noticia\/imagens\/a-dona.jpg 380w\" sizes=\"auto, (max-width: 270px) 100vw, 270px\" \/>Resumo da novela <strong><em>\u201cA Dona&#8221;<\/em><\/strong> em 08\/08: no cap\u00edtulo 094(*) da novela, quinta-feira, 08 de agosto, Gabriela diz a Benita que se sente culpada porque Valentina est\u00e1 sofrendo com sua tia na pris\u00e3o e com as armadilhas de Rodrigo, enquanto ela est\u00e1 feliz porque Hor\u00e1cio a pediu em noivado. Benita abra\u00e7a Gabriela amorosamente, e a diz que n\u00e3o tem que se sentir culpada porque entre tantas coisas ruins, um pouco de felicidade \u00e9 muito bom. Valentina chorando pede a sua tia que diga a verdade antes que a condenem. Isabel responde que est\u00e1 certa do que est\u00e1 fazendo, enquanto Ernesto continua afirmando que provar\u00e1 sua inoc\u00eancia, e a tirar\u00e1 da pris\u00e3o ainda que isso seja a \u00faltima coisa que fa\u00e7a em sua vida. Sandra diz a Valentina que soube o que ocorreu com sua tia e a oferece seu apoio.<\/p>\n<p>Ivana chega com Valentina, e finge sentir dor por Isabel, neste momento come\u00e7a a ter alucina\u00e7\u00f5es nas quais v\u00ea Oscar a acusando de assassina, Valentina se assusta e pergunta o que est\u00e1 acontecendo, e o que de t\u00e3o horr\u00edvel Ivana est\u00e1 vendo. Ivana, j\u00e1 recuperada, a diz que s\u00e3o bobagens que sua gravidez a faz sentir e que por isso n\u00e3o tem dormido bem, e que teme perder seu beb\u00ea. Valentina oferece todo o seu apoio, Ivana pede a Valentina que conven\u00e7a Jos\u00e9 Miguel de que ela o ama. Valentina responde que n\u00e3o pode mandar nos sentimentos de Jos\u00e9 Miguel, mas que se afastar\u00e1 dele definitivamente.<\/p>\n<p>Valentina diz a Jos\u00e9 Miguel que pela sa\u00fade de Ivana, \u00e9 melhor que eles n\u00e3o voltem a se ver, ele responde que est\u00e1 certo que Ivana est\u00e1 mentindo, e Valentina, chorando, o diz que \u00e9 um tormento v\u00ea-lo e ter que se controlar, Jos\u00e9 a diz que para ele tamb\u00e9m \u00e9 assim, e o melhor seria que eles n\u00e3o se vissem mais. O delegado Toledo procura Ivana e diz a Leonor que s\u00f3 queria saber se ela est\u00e1 bem. Leonor responde que \u00e9 um costume do delegado visitar filha de assassinas para saber se elas est\u00e3o bem.<\/p>\n<p>(*) edi\u00e7\u00e3o do SBT, Novela \u201cA Dona\u201d, sujeito a altera\u00e7\u00e3o de data e conte\u00fado.<\/p>\n<p>Destaques<\/p>\n<p>&#8220;A Dona&#8221; &#8211; Valentina Vila\u00e7a (Lucero) \u00e9 uma mulher que tem uma grande fortuna, que seus pais deixaram para ela quando morreram em um acidente de carro. Ela tem uma mans\u00e3o na Cidade do M\u00e9xico, onde vive com sua tia Isabel Rangel de Dorantes (Silvia Pinal), e sua prima Ivana Dorantes Rangel (Gabriela Spanic) que trata Valentina com muita indiferen\u00e7a e sente inveja dela.<\/p>\n<p>Tudo muda para Valentina quando seu noivo Alonso Penalva (David Zepeda), tramando com Ivana no dia de seu casamento, a deixa esperando no altar. A partir da\u00ed, Valentina se torna uma mulher amarga, e vai para sua fazenda, no interior. Chegando l\u00e1, ela conhece seu vizinho Jos\u00e9 Miguel Montesinos (Fernando Colunga).<\/p>\n","protected":false},"excerpt":{"rendered":"<p>Resumo da novela \u201cA Dona&#8221; em 08\/08: no cap\u00edtulo 094(*) da novela, quinta-feira, 08 de agosto, Gabriela diz a Benita que se sente culpada porque Valentina est\u00e1 sofrendo com sua tia na pris\u00e3o e com as armadilhas de Rodrigo, enquanto ela est\u00e1 feliz porque Hor\u00e1cio a pediu em noivado. Benita abra\u00e7a Gabriela amorosamente, e a [&hellip;]<\/p>\n","protected":false},"author":4,"featured_media":173626,"comment_status":"open","ping_status":"closed","sticky":false,"template":"","format":"standard","meta":{"tdm_status":"","tdm_grid_status":"","footnotes":""},"categories":[379,372,343],"tags":[441],"class_list":{"0":"post-180211","1":"post","2":"type-post","3":"status-publish","4":"format-standard","5":"has-post-thumbnail","7":"category-novelas","8":"category-sbt","9":"category-televisao","10":"tag-resumo-do-dia"},"_links":{"self":[{"href":"https:\/\/migracao.redenoticia.com.br\/noticia\/wp-json\/wp\/v2\/posts\/180211","targetHints":{"allow":["GET"]}}],"collection":[{"href":"https:\/\/migracao.redenoticia.com.br\/noticia\/wp-json\/wp\/v2\/posts"}],"about":[{"href":"https:\/\/migracao.redenoticia.com.br\/noticia\/wp-json\/wp\/v2\/types\/post"}],"author":[{"embeddable":true,"href":"https:\/\/migracao.redenoticia.com.br\/noticia\/wp-json\/wp\/v2\/users\/4"}],"replies":[{"embeddable":true,"href":"https:\/\/migracao.redenoticia.com.br\/noticia\/wp-json\/wp\/v2\/comments?post=180211"}],"version-history":[{"count":0,"href":"https:\/\/migracao.redenoticia.com.br\/noticia\/wp-json\/wp\/v2\/posts\/180211\/revisions"}],"wp:featuredmedia":[{"embeddable":true,"href":"https:\/\/migracao.redenoticia.com.br\/noticia\/wp-json\/wp\/v2\/media\/173626"}],"wp:attachment":[{"href":"https:\/\/migracao.redenoticia.com.br\/noticia\/wp-json\/wp\/v2\/media?parent=180211"}],"wp:term":[{"taxonomy":"category","embeddable":true,"href":"https:\/\/migracao.redenoticia.com.br\/noticia\/wp-json\/wp\/v2\/categories?post=180211"},{"taxonomy":"post_tag","embeddable":true,"href":"https:\/\/migracao.redenoticia.com.br\/noticia\/wp-json\/wp\/v2\/tags?post=180211"}],"curies":[{"name":"wp","href":"https:\/\/api.w.org\/{rel}","templated":true}]}}