{"id":180213,"date":"2019-08-07T17:50:41","date_gmt":"2019-08-07T20:50:41","guid":{"rendered":"https:\/\/www.redenoticia.com.br\/noticia\/?p=180213"},"modified":"2019-08-07T17:50:50","modified_gmt":"2019-08-07T20:50:50","slug":"resumo-novela-a-que-nao-podia-amar-08-08-rogerio-avisa-ana-que-vai-se-casar-com-vanessa","status":"publish","type":"post","link":"https:\/\/migracao.redenoticia.com.br\/noticia\/2019\/resumo-novela-a-que-nao-podia-amar-08-08-rogerio-avisa-ana-que-vai-se-casar-com-vanessa\/180213","title":{"rendered":"Resumo novela \u201cA Que N\u00e3o Podia Amar\u201d 08\/08: Rog\u00e9rio avisa Ana que vai se casar com Vanessa"},"content":{"rendered":"<p><strong><em><img loading=\"lazy\" decoding=\"async\" class=\"aligncenter size-large wp-image-173635\" src=\"https:\/\/migracao.redenoticia.com.br\/noticia\/imagens\/a-que-nao-podia-amar-400x271.jpg\" alt=\"\" width=\"400\" height=\"271\" srcset=\"https:\/\/migracao.redenoticia.com.br\/noticia\/imagens\/a-que-nao-podia-amar-400x271.jpg 400w, https:\/\/migracao.redenoticia.com.br\/noticia\/imagens\/a-que-nao-podia-amar-250x169.jpg 250w, https:\/\/migracao.redenoticia.com.br\/noticia\/imagens\/a-que-nao-podia-amar-560x379.jpg 560w, https:\/\/migracao.redenoticia.com.br\/noticia\/imagens\/a-que-nao-podia-amar.jpg 620w\" sizes=\"auto, (max-width: 400px) 100vw, 400px\" \/><\/em><\/strong><\/p>\n<p>Resumo da novela<strong><em> \u201cA Que N\u00e3o Podia Amar\u201d&nbsp;<\/em><\/strong> em 08\/08: no cap\u00edtulo 089(*) da novela, quinta-feira, 08 de agosto, C\u00edntia se surpreende quando Gustavo diz que vai levar a s\u00e9rio seu casamento com ela e tentar\u00e1 fazer dar certo. Ele completa dizendo que desde o come\u00e7o deveria ter formado um casal de verdade com ela, ela fica desconcertada e prefere n\u00e3o responder, os dois se beijam. Elias inventa que Tom\u00e1s tinha a carta da m\u00e3e de Marquinho, que a encontrou no antigo quarto dele e que havia guardado o documento at\u00e9 o patr\u00e3o retornar de viagem. Gustavo conta a C\u00edntia que Ana Paula lhe disse claramente que est\u00e1 apaixonada por Rog\u00e9rio. C\u00edntia questiona se ele est\u00e1 buscando consolo nela ou se realmente acredita que a rela\u00e7\u00e3o dos dois pode funcionar. Gustavo responde que decidiu que vai tentar ser feliz com o que tem e n\u00e3o com o que perdeu.<\/p>\n<p>Rog\u00e9rio diz a Maria que Ana Paula continua amando Gustavo. A empregada aconselha o fazendeiro a lutar pelo amor de sua esposa. Rosaura se desespera ao falar com Bruno de tudo o que est\u00e1 acontecendo e ficar sabendo que Gustavo j\u00e1 est\u00e1 brigando pela parte da heran\u00e7a que pertence \u00e0 C\u00edntia. Ana Paula diz a Gustavo que Rog\u00e9rio n\u00e3o quer que os dois conversem a s\u00f3s. O engenheiro conta que est\u00e1 decidindo a tentar se apaixonar por C\u00edntia, assim como sua ex se apaixonou por Rog\u00e9rio.<\/p>\n<p>C\u00edntia conta a Vanessa que quando receber o dinheiro da heran\u00e7a pretende ir embora da fazenda. Ela ainda conta que Ana Paula confessou a Gustavo que ama Rog\u00e9rio. A filha de Elza se irrita. Ana Paula esclarece para a tia que assim que acabar o contrato, ela ir\u00e1 embora da fazenda. Rosaura tenta mudar a opini\u00e3o da sobrinha. Ana Paula responde que o marido est\u00e1 pior do que quando o conheceu e quer ir embora o quanto antes, mesmo que seja sem um real. Vanessa se preocupa que Rog\u00e9rio e Ana Paula voltem a se aproximar. C\u00edntia tranquiliza a amiga. Rog\u00e9rio convida Vanessa para um jantar e ela aceita. Por outro lado, Gustavo enfrenta a Elias e exige que n\u00e3o se aproxime mais de C\u00edntia, diz que j\u00e1 sabe que ele gosta de sua esposa e deixa claro que de agora em diante ter\u00e1 que respeit\u00e1-la.<\/p>\n<p>Estev\u00e3o aconselha Mercedes a parar de brigar tanto com Ernesto. Ernesto chega na fazenda e entrega o resultado do exame de DNA para Rog\u00e9rio. O fazendeiro se alegra ao confirmar que \u00e9 pai biol\u00f3gico de Marquinho. C\u00ednica, C\u00edntia diz a Ana que agora que est\u00e1 tendo uma vida de casal com Gustavo, est\u00e1 segura de que muito em breve ficar\u00e1 gr\u00e1vida e dar\u00e1 ao rapaz o filho que a ex n\u00e3o pode dar. Em seu jantar com Vanessa, Rog\u00e9rio conta que est\u00e1 convencido de que a esposa n\u00e3o o ama e pergunta se Vanessa est\u00e1 disposta a reatar a rela\u00e7\u00e3o deles. Ana Paula deixa claro a C\u00edntia que n\u00e3o tem inten\u00e7\u00e3o de se reaproximar de Gustavo. Vanessa convence Rog\u00e9rio que continua o amando e ele revela que \u00e9 o pai biol\u00f3gico de Marquinho. Ele explica que o menino gosta de Ana Paula como sua m\u00e3e e provavelmente continuariam se vendo ap\u00f3s a separa\u00e7\u00e3o. Vanessa diz que aceita a situa\u00e7\u00e3o.<\/p>\n<p>Maria acusa Elias de colocar a culpa da carta em Tom\u00e1s e exige que ele respeite C\u00edntia e seu casamento. Ana Paula se alegra ao saber o resultado do exame de DNA. Mais decidido que nunca, Gustavo reitera a C\u00edntia que vai tentar manter uma rela\u00e7\u00e3o com ela, lhe assegura que s\u00f3 ter\u00e1 olhos para ela e os dois se beijam. Ana Paula teme que sua vida na fazenda ser\u00e1 um inferno at\u00e9 o fim do contrato. Rog\u00e9rio diz a Ana Paula que sua rela\u00e7\u00e3o com Vanessa est\u00e1 muito s\u00e9ria, esta \u00faltima o interrompe e informa que depois que terminar o contrato, os dois se casar\u00e3o, Paula n\u00e3o pode acreditar no que escuta. Ernesto e Mercedes voltam a discutir. Ana Paula recrimina a irm\u00e3 por aceitar uma situa\u00e7\u00e3o t\u00e3o indigna. Chorando, Mercedes desabafa com Estev\u00e3o. M\u00e1rcia observa tudo. Ana Paula pede a Rog\u00e9rio que pense bem no exemplo que estar\u00e1 dando para Marquinho ao permitir que sua amante viva na fazenda. Em seguida ela deixa os dois a s\u00f3s. Chorando e muito triste, Ana Paula desabafa com Dany porque n\u00e3o entende a atitude de Rog\u00e9rio ao permitir que Vanessa viva na fazenda, Dany diz que n\u00e3o sabe o porqu\u00ea ele faz isso, mas o que tem certeza \u00e9 que ela sofre por ter perdido seu amor.<\/p>\n<p>(*) edi\u00e7\u00e3o do SBT, Novela \u201cA Que N\u00e3o Podia Amar\u201d, sujeito a altera\u00e7\u00e3o de data e conte\u00fado.<\/p>\n<p>Destaques<\/p>\n<p>&#8220;A Que N\u00e3o Podia Amar&#8221;- Ana Paula, uma enfermeira humilde que se v\u00ea obrigada a trabalhar na casa de Rog\u00e9rio Montero (Jorge Salinas), um homem amargurado. Rog\u00e9rio sofre por ser parapl\u00e9gico e destrata todas as pessoas. Ana Paula atura tudo calada e o rica\u00e7o se apaixona por ela.<\/p>\n<p>Ana conhece Gustavo Duran (Jos\u00e9 Ron), um engenheiro nobre e trabalhador. Os dois se apaixonam, mas ter\u00e3o de enfrentar Rog\u00e9rio, j\u00e1 que ele tamb\u00e9m gosta da mocinha, formando assim, um tri\u00e2ngulo amoroso com terr\u00edveis consequ\u00eancias.<\/p>\n","protected":false},"excerpt":{"rendered":"<p>Resumo da novela \u201cA Que N\u00e3o Podia Amar\u201d&nbsp; em 08\/08: no cap\u00edtulo 089(*) da novela, quinta-feira, 08 de agosto, C\u00edntia se surpreende quando Gustavo diz que vai levar a s\u00e9rio seu casamento com ela e tentar\u00e1 fazer dar certo. Ele completa dizendo que desde o come\u00e7o deveria ter formado um casal de verdade com ela, [&hellip;]<\/p>\n","protected":false},"author":4,"featured_media":173627,"comment_status":"open","ping_status":"closed","sticky":false,"template":"","format":"standard","meta":{"tdm_status":"","tdm_grid_status":"","footnotes":""},"categories":[379,372,343],"tags":[441],"class_list":{"0":"post-180213","1":"post","2":"type-post","3":"status-publish","4":"format-standard","5":"has-post-thumbnail","7":"category-novelas","8":"category-sbt","9":"category-televisao","10":"tag-resumo-do-dia"},"_links":{"self":[{"href":"https:\/\/migracao.redenoticia.com.br\/noticia\/wp-json\/wp\/v2\/posts\/180213","targetHints":{"allow":["GET"]}}],"collection":[{"href":"https:\/\/migracao.redenoticia.com.br\/noticia\/wp-json\/wp\/v2\/posts"}],"about":[{"href":"https:\/\/migracao.redenoticia.com.br\/noticia\/wp-json\/wp\/v2\/types\/post"}],"author":[{"embeddable":true,"href":"https:\/\/migracao.redenoticia.com.br\/noticia\/wp-json\/wp\/v2\/users\/4"}],"replies":[{"embeddable":true,"href":"https:\/\/migracao.redenoticia.com.br\/noticia\/wp-json\/wp\/v2\/comments?post=180213"}],"version-history":[{"count":0,"href":"https:\/\/migracao.redenoticia.com.br\/noticia\/wp-json\/wp\/v2\/posts\/180213\/revisions"}],"wp:featuredmedia":[{"embeddable":true,"href":"https:\/\/migracao.redenoticia.com.br\/noticia\/wp-json\/wp\/v2\/media\/173627"}],"wp:attachment":[{"href":"https:\/\/migracao.redenoticia.com.br\/noticia\/wp-json\/wp\/v2\/media?parent=180213"}],"wp:term":[{"taxonomy":"category","embeddable":true,"href":"https:\/\/migracao.redenoticia.com.br\/noticia\/wp-json\/wp\/v2\/categories?post=180213"},{"taxonomy":"post_tag","embeddable":true,"href":"https:\/\/migracao.redenoticia.com.br\/noticia\/wp-json\/wp\/v2\/tags?post=180213"}],"curies":[{"name":"wp","href":"https:\/\/api.w.org\/{rel}","templated":true}]}}