{"id":180223,"date":"2019-08-07T17:57:31","date_gmt":"2019-08-07T20:57:31","guid":{"rendered":"https:\/\/www.redenoticia.com.br\/noticia\/?p=180223"},"modified":"2019-08-07T17:57:36","modified_gmt":"2019-08-07T20:57:36","slug":"resumo-novela-orfaos-da-terra-08-08-dalila-deve-manter-distancia-de-jamil","status":"publish","type":"post","link":"https:\/\/migracao.redenoticia.com.br\/noticia\/2019\/resumo-novela-orfaos-da-terra-08-08-dalila-deve-manter-distancia-de-jamil\/180223","title":{"rendered":"Resumo novela \u201c\u00d3rf\u00e3os da Terra\u201d 08\/08: Dalila deve manter dist\u00e2ncia de Jamil"},"content":{"rendered":"<p><img loading=\"lazy\" decoding=\"async\" class=\"aligncenter size-large wp-image-173643\" src=\"https:\/\/migracao.redenoticia.com.br\/noticia\/imagens\/orfaos-da-terra-01-376x300.jpg\" alt=\"\" width=\"376\" height=\"300\" srcset=\"https:\/\/migracao.redenoticia.com.br\/noticia\/imagens\/orfaos-da-terra-01-376x300.jpg 376w, https:\/\/migracao.redenoticia.com.br\/noticia\/imagens\/orfaos-da-terra-01-234x187.jpg 234w, https:\/\/migracao.redenoticia.com.br\/noticia\/imagens\/orfaos-da-terra-01-560x447.jpg 560w, https:\/\/migracao.redenoticia.com.br\/noticia\/imagens\/orfaos-da-terra-01.jpg 600w\" sizes=\"auto, (max-width: 376px) 100vw, 376px\" \/><\/p>\n<p>Resumo da novela <strong><em>\u201c\u00d3rf\u00e3os da Terra&#8221;<\/em><\/strong> em 08\/08: no cap\u00edtulo 111(*) da novela, quinta-feira, 08 de agosto, Gabriel n\u00e3o consegue impedir Almeidinha de prender Dalila. Jamil e Laila se beijam. B\u00f3ris leva Mamede para casa. Embriagada, Eva assina alguns documentos dados por Omar. Jamil e Laila prestam queixa contra Dalila. Todos comemoram a pris\u00e3o de Dalila. Abner expulsa Latifa de casa. Faruq examina Mamede.<\/p>\n<p>Rania se preocupa com Dalila. B\u00f3ris n\u00e3o gosta de saber que Eva assinou documentos enquanto bebia com Omar. Rania visita Dalila, que tenta disfar\u00e7ar a inquieta\u00e7\u00e3o. Jamil e Laila se amam. Hussein e Helena se encantam um pelo outro. Rog\u00e9rio explica a Jamil os procedimentos para o div\u00f3rcio de Dalila. Dalila \u00e9 sentenciada a manter dist\u00e2ncia de Jamil e afirma a Gabriel que se vingar\u00e1 de Almeidinha.<\/p>\n<p>(*) edi\u00e7\u00e3o Globo, Novela \u201c\u00d3rf\u00e3os da Terra\u201d, sujeito a altera\u00e7\u00e3o de data e conte\u00fado.<\/p>\n<p>Destaques<\/p>\n<p>Novela \u201c\u00d3rf\u00e3os da Terra\u201d &#8211; A hist\u00f3ria se inicia na S\u00edria, onde Missade (Ana Cec\u00edlia Costa) e Elias (Marco Ricca) vivem com seus filhos Laila (Julia Dalavia) e Khaled (Rodrigo Vidal) at\u00e9 serem v\u00edtimas da guerra e terem que se refugiar no L\u00edbano. Com o irm\u00e3o gravemente ferido e a fam\u00edlia presa num campo de concentra\u00e7\u00e3o, Laila aceita se casar com o sheik Aziz (Herson Capri) \u2013 um homem cruel e muito mais velho \u2013 em troca de dinheiro para pagar o tratamento m\u00e9dico.<\/p>\n<p>Por\u00e9m, o menino falece e a mo\u00e7a decide fugir para o Brasil com seus pais na noite de n\u00fapcias, antes do casamento ser consumado, indo morar com seus tios, R\u00e2nia (Eliane Giardini) e Miguel (Paulo Betti). Irritado, o sheik manda Jammil (Renato G\u00f3es), seu bra\u00e7o-direito e noivo de sua filha, Dalila (Alice Wegmann), buscar a mo\u00e7a e traz\u00ea-la a for\u00e7a, por\u00e9m os dois acabam se apaixonando e se tornam fugitivos da fam\u00edlia Abdallah.<\/p>\n","protected":false},"excerpt":{"rendered":"<p>Resumo da novela \u201c\u00d3rf\u00e3os da Terra&#8221; em 08\/08: no cap\u00edtulo 111(*) da novela, quinta-feira, 08 de agosto, Gabriel n\u00e3o consegue impedir Almeidinha de prender Dalila. Jamil e Laila se beijam. B\u00f3ris leva Mamede para casa. Embriagada, Eva assina alguns documentos dados por Omar. Jamil e Laila prestam queixa contra Dalila. Todos comemoram a pris\u00e3o de [&hellip;]<\/p>\n","protected":false},"author":4,"featured_media":173640,"comment_status":"open","ping_status":"closed","sticky":false,"template":"","format":"standard","meta":{"tdm_status":"","tdm_grid_status":"","footnotes":""},"categories":[379,540,375,343],"tags":[441],"class_list":{"0":"post-180223","1":"post","2":"type-post","3":"status-publish","4":"format-standard","5":"has-post-thumbnail","7":"category-novelas","8":"category-orfaos-da-terra","9":"category-rede-globo","10":"category-televisao","11":"tag-resumo-do-dia"},"_links":{"self":[{"href":"https:\/\/migracao.redenoticia.com.br\/noticia\/wp-json\/wp\/v2\/posts\/180223","targetHints":{"allow":["GET"]}}],"collection":[{"href":"https:\/\/migracao.redenoticia.com.br\/noticia\/wp-json\/wp\/v2\/posts"}],"about":[{"href":"https:\/\/migracao.redenoticia.com.br\/noticia\/wp-json\/wp\/v2\/types\/post"}],"author":[{"embeddable":true,"href":"https:\/\/migracao.redenoticia.com.br\/noticia\/wp-json\/wp\/v2\/users\/4"}],"replies":[{"embeddable":true,"href":"https:\/\/migracao.redenoticia.com.br\/noticia\/wp-json\/wp\/v2\/comments?post=180223"}],"version-history":[{"count":0,"href":"https:\/\/migracao.redenoticia.com.br\/noticia\/wp-json\/wp\/v2\/posts\/180223\/revisions"}],"wp:featuredmedia":[{"embeddable":true,"href":"https:\/\/migracao.redenoticia.com.br\/noticia\/wp-json\/wp\/v2\/media\/173640"}],"wp:attachment":[{"href":"https:\/\/migracao.redenoticia.com.br\/noticia\/wp-json\/wp\/v2\/media?parent=180223"}],"wp:term":[{"taxonomy":"category","embeddable":true,"href":"https:\/\/migracao.redenoticia.com.br\/noticia\/wp-json\/wp\/v2\/categories?post=180223"},{"taxonomy":"post_tag","embeddable":true,"href":"https:\/\/migracao.redenoticia.com.br\/noticia\/wp-json\/wp\/v2\/tags?post=180223"}],"curies":[{"name":"wp","href":"https:\/\/api.w.org\/{rel}","templated":true}]}}