{"id":180260,"date":"2019-08-08T15:38:38","date_gmt":"2019-08-08T18:38:38","guid":{"rendered":"https:\/\/www.redenoticia.com.br\/noticia\/?p=180260"},"modified":"2019-08-08T15:38:45","modified_gmt":"2019-08-08T18:38:45","slug":"resumo-novela-a-dona-09-08-valentina-rifa-as-joias-que-ganhou-de-rodrigo","status":"publish","type":"post","link":"https:\/\/migracao.redenoticia.com.br\/noticia\/2019\/resumo-novela-a-dona-09-08-valentina-rifa-as-joias-que-ganhou-de-rodrigo\/180260","title":{"rendered":"Resumo novela \u201cA Dona\u201d 09\/08: Valentina rifa as joias que ganhou de Rodrigo"},"content":{"rendered":"<p><img loading=\"lazy\" decoding=\"async\" class=\"aligncenter size-large wp-image-173633\" src=\"https:\/\/migracao.redenoticia.com.br\/noticia\/imagens\/a-dona-270x300.jpg\" alt=\"\" width=\"270\" height=\"300\" srcset=\"https:\/\/migracao.redenoticia.com.br\/noticia\/imagens\/a-dona-270x300.jpg 270w, https:\/\/migracao.redenoticia.com.br\/noticia\/imagens\/a-dona-168x187.jpg 168w, https:\/\/migracao.redenoticia.com.br\/noticia\/imagens\/a-dona.jpg 380w\" sizes=\"auto, (max-width: 270px) 100vw, 270px\" \/>Resumo da novela <strong><em>\u201cA Dona&#8221;<\/em><\/strong> em 09\/08: no cap\u00edtulo 094(*) da novela, sexta-feira, 09 de agosto, Ivana diz ao Delegado Toledo que n\u00e3o os conv\u00e9m serem vistos juntos, assim que o melhor \u00e9 que ele n\u00e3o volte a fazenda. Valentina diz a Jos\u00e9 Miguel que a faz bem que ele se preocupe com ela, mas a Ivana n\u00e3o, por isso o melhor \u00e9 que n\u00e3o se vejam mais. Leonor diz a Ivana que n\u00e3o quer que Toledo volte a sua casa, j\u00e1 que poderiam interpretar mal essas visitas. Valentina diz a Gabriela que pela sa\u00fade de sua prima n\u00e3o voltar\u00e1 a ver Jos\u00e9 Miguel. Gabriela responde que n\u00e3o acredita que Valentina seja capaz de renunciar t\u00e3o facilmente seu grande amor, e ainda mais por que Ivana j\u00e1 provou que s\u00f3 sabe dizer mentiras.<\/p>\n<p>Ivana, hip\u00f3crita, diz a Jos\u00e9 Miguel que est\u00e1 muito deprimida pelo ocorrido com sua m\u00e3e. Ele diz a ela que de sua parte ela n\u00e3o ter\u00e1 motivos de preocupa\u00e7\u00e3o. Jos\u00e9 diz a Ivana que Valentina resolveu renunciar seu amor em favor de Ivana e seu beb\u00ea, mas que ela n\u00e3o interprete mal as coisas, pois ele segue amando Valentina mais que tudo. Ivana, hip\u00f3crita, diz que s\u00f3 quando seu filho nascer saber\u00e1 se isso \u00e9 realmente verdade. Valentina chama o delegado e o Padre Ventura para uma reuni\u00e3o, onde assinar\u00e1 um conv\u00eanio com Rodrigo. Rodrigo exige que Valentina aceite seus presentes como condi\u00e7\u00e3o para aceitar o conv\u00eanio.<\/p>\n<p>Valentina aceita e em seguida pede ao Padre que organize uma rifa onde o pr\u00eamio ser\u00e1 a j\u00f3ia dada por Rodrigo, e que com o dinheiro que arrecadar construa um lugar que gere emprego para as mulheres do povoado. Rodrigo n\u00e3o aceita que Valentina rife as j\u00f3ias, Valentina o diz que n\u00e3o aceita presentes t\u00e3o caros e muito menos vindos dele, e que seu amor n\u00e3o se pode comprar, por\u00e9m que com esse gesto ajudar\u00e3o muitas pessoas, e isso \u00e9 realmente nobre. Sandra diz a Felipe que no pr\u00f3ximo domingo se casar\u00e3o na igreja. Alonso descobre que Ivana tem visitado o delegado Toledo em um hotel.<\/p>\n<p>(*) edi\u00e7\u00e3o do SBT, Novela \u201cA Dona\u201d, sujeito a altera\u00e7\u00e3o de data e conte\u00fado.<\/p>\n<p>Destaques<\/p>\n<p>&#8220;A Dona&#8221; &#8211; Valentina Vila\u00e7a (Lucero) \u00e9 uma mulher que tem uma grande fortuna, que seus pais deixaram para ela quando morreram em um acidente de carro. Ela tem uma mans\u00e3o na Cidade do M\u00e9xico, onde vive com sua tia Isabel Rangel de Dorantes (Silvia Pinal), e sua prima Ivana Dorantes Rangel (Gabriela Spanic) que trata Valentina com muita indiferen\u00e7a e sente inveja dela.<\/p>\n<p>Tudo muda para Valentina quando seu noivo Alonso Penalva (David Zepeda), tramando com Ivana no dia de seu casamento, a deixa esperando no altar. A partir da\u00ed, Valentina se torna uma mulher amarga, e vai para sua fazenda, no interior. Chegando l\u00e1, ela conhece seu vizinho Jos\u00e9 Miguel Montesinos (Fernando Colunga).<\/p>\n","protected":false},"excerpt":{"rendered":"<p>Resumo da novela \u201cA Dona&#8221; em 09\/08: no cap\u00edtulo 094(*) da novela, sexta-feira, 09 de agosto, Ivana diz ao Delegado Toledo que n\u00e3o os conv\u00e9m serem vistos juntos, assim que o melhor \u00e9 que ele n\u00e3o volte a fazenda. Valentina diz a Jos\u00e9 Miguel que a faz bem que ele se preocupe com ela, mas [&hellip;]<\/p>\n","protected":false},"author":4,"featured_media":173626,"comment_status":"open","ping_status":"closed","sticky":false,"template":"","format":"standard","meta":{"tdm_status":"","tdm_grid_status":"","footnotes":""},"categories":[379,372,343],"tags":[441],"class_list":{"0":"post-180260","1":"post","2":"type-post","3":"status-publish","4":"format-standard","5":"has-post-thumbnail","7":"category-novelas","8":"category-sbt","9":"category-televisao","10":"tag-resumo-do-dia"},"_links":{"self":[{"href":"https:\/\/migracao.redenoticia.com.br\/noticia\/wp-json\/wp\/v2\/posts\/180260","targetHints":{"allow":["GET"]}}],"collection":[{"href":"https:\/\/migracao.redenoticia.com.br\/noticia\/wp-json\/wp\/v2\/posts"}],"about":[{"href":"https:\/\/migracao.redenoticia.com.br\/noticia\/wp-json\/wp\/v2\/types\/post"}],"author":[{"embeddable":true,"href":"https:\/\/migracao.redenoticia.com.br\/noticia\/wp-json\/wp\/v2\/users\/4"}],"replies":[{"embeddable":true,"href":"https:\/\/migracao.redenoticia.com.br\/noticia\/wp-json\/wp\/v2\/comments?post=180260"}],"version-history":[{"count":0,"href":"https:\/\/migracao.redenoticia.com.br\/noticia\/wp-json\/wp\/v2\/posts\/180260\/revisions"}],"wp:featuredmedia":[{"embeddable":true,"href":"https:\/\/migracao.redenoticia.com.br\/noticia\/wp-json\/wp\/v2\/media\/173626"}],"wp:attachment":[{"href":"https:\/\/migracao.redenoticia.com.br\/noticia\/wp-json\/wp\/v2\/media?parent=180260"}],"wp:term":[{"taxonomy":"category","embeddable":true,"href":"https:\/\/migracao.redenoticia.com.br\/noticia\/wp-json\/wp\/v2\/categories?post=180260"},{"taxonomy":"post_tag","embeddable":true,"href":"https:\/\/migracao.redenoticia.com.br\/noticia\/wp-json\/wp\/v2\/tags?post=180260"}],"curies":[{"name":"wp","href":"https:\/\/api.w.org\/{rel}","templated":true}]}}