{"id":180376,"date":"2019-08-10T19:54:55","date_gmt":"2019-08-10T22:54:55","guid":{"rendered":"https:\/\/www.redenoticia.com.br\/noticia\/?p=180376"},"modified":"2019-08-10T19:55:00","modified_gmt":"2019-08-10T22:55:00","slug":"resumo-novela-a-dona-12-08-rodrigo-ameaca-jose-com-um-revolver","status":"publish","type":"post","link":"https:\/\/migracao.redenoticia.com.br\/noticia\/2019\/resumo-novela-a-dona-12-08-rodrigo-ameaca-jose-com-um-revolver\/180376","title":{"rendered":"Resumo novela \u201cA Dona\u201d 12\/08: Rodrigo amea\u00e7a Jos\u00e9 com um revolver"},"content":{"rendered":"<p><img loading=\"lazy\" decoding=\"async\" class=\"aligncenter size-large wp-image-173633\" src=\"https:\/\/migracao.redenoticia.com.br\/noticia\/imagens\/a-dona-270x300.jpg\" alt=\"\" width=\"270\" height=\"300\" srcset=\"https:\/\/migracao.redenoticia.com.br\/noticia\/imagens\/a-dona-270x300.jpg 270w, https:\/\/migracao.redenoticia.com.br\/noticia\/imagens\/a-dona-168x187.jpg 168w, https:\/\/migracao.redenoticia.com.br\/noticia\/imagens\/a-dona.jpg 380w\" sizes=\"auto, (max-width: 270px) 100vw, 270px\" \/>Resumo da novela <strong><em>\u201cA Dona&#8221;<\/em><\/strong> em 12\/08: no cap\u00edtulo 095(*) da novela, segunda-feira, 12 de agosto, Jos\u00e9 Miguel adverte Rodrigo que ele pagar\u00e1 a morte de seu pai. Rodrigo responde que n\u00e3o tem nada a ver com essa morte e amea\u00e7a Jos\u00e9 com um revolver. Eles discutem e se agridem. Neste momento chegam o delegado e Sabino, que conseguem separar a briga. O delegado Toledo diz a Rodrigo que, por seu bem, \u00e9 melhor que n\u00e3o se meta com Jos\u00e9 Miguel. Rodrigo responde que \u00e9 um homem de paz e n\u00e3o deseja ter problemas com a lei. Alonso chega com Santiaguinho \u00e0 fazenda Os Carac\u00f3is e o apresenta a Valentina. Ele a diz que se trata de seu filho, e que ele estava impaciente por conhec\u00ea-la.<\/p>\n<p>Gabriela diz a Alonso que seu filho \u00e9 uma crian\u00e7a muito educada. Alonso responde que isso \u00e9 m\u00e9rito da m\u00e3e do garoto. Gabriela diz a Alonso que seria de mal tom levar o garoto apenas para abrandar o cora\u00e7\u00e3o de Valentina. Ele diz que seria incapaz de fazer isso. Alonso garante que desta vez ir\u00e1 lutar pelo amor de Valentina de maneira limpa, que Jos\u00e9 cometeu um grande erro ao engravidar Ivana, e que isso aumentou suas chances. Alonso diz a Gabriela que Ivana tem se encontrado com Toledo as escondidas, e que certamente est\u00e1 usando suas armas de sedu\u00e7\u00e3o, e que contar\u00e1 isso a Valentina.<\/p>\n<p>Gabriela pede para que ele n\u00e3o o fa\u00e7a at\u00e9 que possam comprovar essas andan\u00e7as de Ivana. Toledo diz a Valentina que na declara\u00e7\u00e3o de Isabel h\u00e1 muitas inconsist\u00eancias, assim que voltar\u00e1 a interrog\u00e1-la, e que \u00e9 bem prov\u00e1vel que acabe em liberdade. Valentina aliviada diz que isso ir\u00e1 tranquilizar muito Ivana, e a garantir\u00e1 uma gravidez mais sossegada. Jos\u00e9 Miguel tenta fazer com que Filadelfo diga se Rodrigo foi quem incendiou a cabana de Sabino, onde morreu Frederico. Toledo diz a Leonor e Ivana que \u00e9 muito prov\u00e1vel que Isabel fique em liberdade.<\/p>\n<p>(*) edi\u00e7\u00e3o do SBT, Novela \u201cA Dona\u201d, sujeito a altera\u00e7\u00e3o de data e conte\u00fado.<\/p>\n<p>Destaques<\/p>\n<p>&#8220;A Dona&#8221; &#8211; Valentina Vila\u00e7a (Lucero) \u00e9 uma mulher que tem uma grande fortuna, que seus pais deixaram para ela quando morreram em um acidente de carro. Ela tem uma mans\u00e3o na Cidade do M\u00e9xico, onde vive com sua tia Isabel Rangel de Dorantes (Silvia Pinal), e sua prima Ivana Dorantes Rangel (Gabriela Spanic) que trata Valentina com muita indiferen\u00e7a e sente inveja dela.<\/p>\n<p>Tudo muda para Valentina quando seu noivo Alonso Penalva (David Zepeda), tramando com Ivana no dia de seu casamento, a deixa esperando no altar. A partir da\u00ed, Valentina se torna uma mulher amarga, e vai para sua fazenda, no interior. Chegando l\u00e1, ela conhece seu vizinho Jos\u00e9 Miguel Montesinos (Fernando Colunga).<\/p>\n","protected":false},"excerpt":{"rendered":"<p>Resumo da novela \u201cA Dona&#8221; em 12\/08: no cap\u00edtulo 095(*) da novela, segunda-feira, 12 de agosto, Jos\u00e9 Miguel adverte Rodrigo que ele pagar\u00e1 a morte de seu pai. Rodrigo responde que n\u00e3o tem nada a ver com essa morte e amea\u00e7a Jos\u00e9 com um revolver. Eles discutem e se agridem. Neste momento chegam o delegado [&hellip;]<\/p>\n","protected":false},"author":2,"featured_media":173626,"comment_status":"open","ping_status":"closed","sticky":false,"template":"","format":"standard","meta":{"tdm_status":"","tdm_grid_status":"","footnotes":""},"categories":[379,372,343],"tags":[441],"class_list":{"0":"post-180376","1":"post","2":"type-post","3":"status-publish","4":"format-standard","5":"has-post-thumbnail","7":"category-novelas","8":"category-sbt","9":"category-televisao","10":"tag-resumo-do-dia"},"_links":{"self":[{"href":"https:\/\/migracao.redenoticia.com.br\/noticia\/wp-json\/wp\/v2\/posts\/180376","targetHints":{"allow":["GET"]}}],"collection":[{"href":"https:\/\/migracao.redenoticia.com.br\/noticia\/wp-json\/wp\/v2\/posts"}],"about":[{"href":"https:\/\/migracao.redenoticia.com.br\/noticia\/wp-json\/wp\/v2\/types\/post"}],"author":[{"embeddable":true,"href":"https:\/\/migracao.redenoticia.com.br\/noticia\/wp-json\/wp\/v2\/users\/2"}],"replies":[{"embeddable":true,"href":"https:\/\/migracao.redenoticia.com.br\/noticia\/wp-json\/wp\/v2\/comments?post=180376"}],"version-history":[{"count":0,"href":"https:\/\/migracao.redenoticia.com.br\/noticia\/wp-json\/wp\/v2\/posts\/180376\/revisions"}],"wp:featuredmedia":[{"embeddable":true,"href":"https:\/\/migracao.redenoticia.com.br\/noticia\/wp-json\/wp\/v2\/media\/173626"}],"wp:attachment":[{"href":"https:\/\/migracao.redenoticia.com.br\/noticia\/wp-json\/wp\/v2\/media?parent=180376"}],"wp:term":[{"taxonomy":"category","embeddable":true,"href":"https:\/\/migracao.redenoticia.com.br\/noticia\/wp-json\/wp\/v2\/categories?post=180376"},{"taxonomy":"post_tag","embeddable":true,"href":"https:\/\/migracao.redenoticia.com.br\/noticia\/wp-json\/wp\/v2\/tags?post=180376"}],"curies":[{"name":"wp","href":"https:\/\/api.w.org\/{rel}","templated":true}]}}