{"id":180379,"date":"2019-08-10T20:00:19","date_gmt":"2019-08-10T23:00:19","guid":{"rendered":"https:\/\/www.redenoticia.com.br\/noticia\/?p=180379"},"modified":"2019-08-10T20:00:26","modified_gmt":"2019-08-10T23:00:26","slug":"resumo-novela-a-que-nao-podia-amar-12-08-cintia-descobre-que-maria-e-sua-mae","status":"publish","type":"post","link":"https:\/\/migracao.redenoticia.com.br\/noticia\/2019\/resumo-novela-a-que-nao-podia-amar-12-08-cintia-descobre-que-maria-e-sua-mae\/180379","title":{"rendered":"Resumo novela \u201cA Que N\u00e3o Podia Amar\u201d 12\/08: C\u00edntia descobre que Maria \u00e9 sua m\u00e3e"},"content":{"rendered":"<p><strong><em><img loading=\"lazy\" decoding=\"async\" class=\"aligncenter size-large wp-image-173635\" src=\"https:\/\/migracao.redenoticia.com.br\/noticia\/imagens\/a-que-nao-podia-amar-400x271.jpg\" alt=\"\" width=\"400\" height=\"271\" srcset=\"https:\/\/migracao.redenoticia.com.br\/noticia\/imagens\/a-que-nao-podia-amar-400x271.jpg 400w, https:\/\/migracao.redenoticia.com.br\/noticia\/imagens\/a-que-nao-podia-amar-250x169.jpg 250w, https:\/\/migracao.redenoticia.com.br\/noticia\/imagens\/a-que-nao-podia-amar-560x379.jpg 560w, https:\/\/migracao.redenoticia.com.br\/noticia\/imagens\/a-que-nao-podia-amar.jpg 620w\" sizes=\"auto, (max-width: 400px) 100vw, 400px\" \/><\/em><\/strong><\/p>\n<p>Resumo da novela<strong><em> \u201cA Que N\u00e3o Podia Amar\u201d&nbsp;<\/em><\/strong> em 12\/08: no cap\u00edtulo 091(*) da novela, segunda-feira, 12 de agosto, Rosaura e Bruno procuram uma maneira de que Marquinho jamais receba a heran\u00e7a que lhe corresponde.&nbsp;Muito angustiada, Ana Paula pergunta a Ernesto se depois do aborto que sofreu poder\u00e1 voltar a engravidar. O m\u00e9dico diz que ela precisa falar com seu ginecologista, mas que no caso dela n\u00e3o ser\u00e1 simples passar por uma nova gravidez. De um jeito especial, Rog\u00e9rio conta para Marquinho que Ana Paula perdeu o beb\u00ea. Rosaura adverte Gustavo para esquecer sua sobrinha e aconselha o engenheiro a ir viver em outro lugar. Fingida, Vanessa conversa com Marquinho, tenta ganhar o carinho do menino e conta que agora vive na fazenda. C\u00edntia pede para Elias localizar uma funcion\u00e1ria que j\u00e1 morava na fazenda quando ela nasceu. Chorando, Maria conta a Ana Paula sobre a conversa que teve com C\u00edntia. Enquanto isso, a mo\u00e7a questiona uma funcion\u00e1ria e exige saber a verdade sobre suas origens, oferecendo dinheiro pela informa\u00e7\u00e3o. A funcion\u00e1ria revela que a verdadeira m\u00e3e de C\u00edntia \u00e9 Maria.<\/p>\n<p>Ana Paula fica chocada com a revela\u00e7\u00e3o de que C\u00edntia \u00e9 filha de Maria. A empregada est\u00e1 a ponto de explicar tudo, mas Rog\u00e9rio interrompe a conversa das duas. O fazendeiro pede que a esposa o acompanhe. C\u00edntia se incomoda e chora ao descobrir toda a verdade. Vanessa continua conversando com Marquinho na tentativa de ganhar seu carinho e confian\u00e7a. Ana Paula, Rog\u00e9rio e Marquinho tiram fotos juntos. O menino comenta que Vanessa disse que gosta dele, mas que ele sabe que n\u00e3o \u00e9 verdade. Hilda chama a aten\u00e7\u00e3o de Rog\u00e9rio porque tem sob o mesmo teto sua esposa e amante e isso n\u00e3o \u00e9 bom exemplo para Marquinho. Rog\u00e9rio esclarece que jamais far\u00e1 algo para magoar o filho. C\u00edntia v\u00ea Gustavo se aproximando de Ana Paula e o acusa de ser um mentiroso e que nunca ter\u00e1 olhos para ela e sai furiosa. O rapaz vai atr\u00e1s da esposa.<\/p>\n<p>Na sequ\u00eancia, Ana Paula pede permiss\u00e3o para ir ficar com Maria, Rog\u00e9rio diz a ela que traga a empregada para a festa, pois ela \u00e9 como uma segunda m\u00e3e para ele e C\u00edntia. Gustavo se explica com C\u00edntia e tenta descobrir o porqu\u00ea a noiva est\u00e1 t\u00e3o abalada. Maria conta a Ana Paula que se sente mal porque prometeu ao pai de C\u00edntia que nunca contaria a verdade. Maria explica que o pai de Rog\u00e9rio tra\u00eda a esposa com v\u00e1rias mulheres e que embora ela n\u00e3o quisesse nada com ele, num certo dia ele for\u00e7ou uma rela\u00e7\u00e3o. A empregada conta que era apaixonada por Beto, o capataz da fazenda na \u00e9poca, mas que quando descobriu que estava gr\u00e1vida, terminou seu relacionamento com ele.<\/p>\n<p>Marquinho pergunta a Ulisses como era sua m\u00e3e. Elias beija C\u00edntia e tenta descobrir o que est\u00e1 acontecendo com ela, mas a mo\u00e7a se recusa a contar. Maria conta que foi amea\u00e7ada pelo patr\u00e3o e que ele a mandou para outro povoado at\u00e9 ela ter o beb\u00ea. Quando C\u00edntia nasceu, ele a tirou da empregada e entregou para Isabel, pois ela j\u00e1 n\u00e3o podia ter filhos e sempre quis ser m\u00e3e de uma menina. Ela conta que s\u00f3 voltou para a fazenda para ficar pr\u00f3xima de sua filha. Ana Paula encoraja Maria a ser forte e conta que Rog\u00e9rio disse que a empregada \u00e9 como um membro da fam\u00edlia e que deve estar com eles na festa.<\/p>\n<p>(*) edi\u00e7\u00e3o do SBT, Novela \u201cA Que N\u00e3o Podia Amar\u201d, sujeito a altera\u00e7\u00e3o de data e conte\u00fado.<\/p>\n<p>Destaques<\/p>\n<p>&#8220;A Que N\u00e3o Podia Amar&#8221;- Ana Paula, uma enfermeira humilde que se v\u00ea obrigada a trabalhar na casa de Rog\u00e9rio Montero (Jorge Salinas), um homem amargurado. Rog\u00e9rio sofre por ser parapl\u00e9gico e destrata todas as pessoas. Ana Paula atura tudo calada e o rica\u00e7o se apaixona por ela.<\/p>\n<p>Ana conhece Gustavo Duran (Jos\u00e9 Ron), um engenheiro nobre e trabalhador. Os dois se apaixonam, mas ter\u00e3o de enfrentar Rog\u00e9rio, j\u00e1 que ele tamb\u00e9m gosta da mocinha, formando assim, um tri\u00e2ngulo amoroso com terr\u00edveis consequ\u00eancias.<\/p>\n","protected":false},"excerpt":{"rendered":"<p>Resumo da novela \u201cA Que N\u00e3o Podia Amar\u201d&nbsp; em 12\/08: no cap\u00edtulo 091(*) da novela, segunda-feira, 12 de agosto, Rosaura e Bruno procuram uma maneira de que Marquinho jamais receba a heran\u00e7a que lhe corresponde.&nbsp;Muito angustiada, Ana Paula pergunta a Ernesto se depois do aborto que sofreu poder\u00e1 voltar a engravidar. O m\u00e9dico diz que [&hellip;]<\/p>\n","protected":false},"author":2,"featured_media":173627,"comment_status":"open","ping_status":"closed","sticky":false,"template":"","format":"standard","meta":{"tdm_status":"","tdm_grid_status":"","footnotes":""},"categories":[379,372,343],"tags":[441],"class_list":{"0":"post-180379","1":"post","2":"type-post","3":"status-publish","4":"format-standard","5":"has-post-thumbnail","7":"category-novelas","8":"category-sbt","9":"category-televisao","10":"tag-resumo-do-dia"},"_links":{"self":[{"href":"https:\/\/migracao.redenoticia.com.br\/noticia\/wp-json\/wp\/v2\/posts\/180379","targetHints":{"allow":["GET"]}}],"collection":[{"href":"https:\/\/migracao.redenoticia.com.br\/noticia\/wp-json\/wp\/v2\/posts"}],"about":[{"href":"https:\/\/migracao.redenoticia.com.br\/noticia\/wp-json\/wp\/v2\/types\/post"}],"author":[{"embeddable":true,"href":"https:\/\/migracao.redenoticia.com.br\/noticia\/wp-json\/wp\/v2\/users\/2"}],"replies":[{"embeddable":true,"href":"https:\/\/migracao.redenoticia.com.br\/noticia\/wp-json\/wp\/v2\/comments?post=180379"}],"version-history":[{"count":0,"href":"https:\/\/migracao.redenoticia.com.br\/noticia\/wp-json\/wp\/v2\/posts\/180379\/revisions"}],"wp:featuredmedia":[{"embeddable":true,"href":"https:\/\/migracao.redenoticia.com.br\/noticia\/wp-json\/wp\/v2\/media\/173627"}],"wp:attachment":[{"href":"https:\/\/migracao.redenoticia.com.br\/noticia\/wp-json\/wp\/v2\/media?parent=180379"}],"wp:term":[{"taxonomy":"category","embeddable":true,"href":"https:\/\/migracao.redenoticia.com.br\/noticia\/wp-json\/wp\/v2\/categories?post=180379"},{"taxonomy":"post_tag","embeddable":true,"href":"https:\/\/migracao.redenoticia.com.br\/noticia\/wp-json\/wp\/v2\/tags?post=180379"}],"curies":[{"name":"wp","href":"https:\/\/api.w.org\/{rel}","templated":true}]}}