{"id":180381,"date":"2019-08-10T20:03:13","date_gmt":"2019-08-10T23:03:13","guid":{"rendered":"https:\/\/www.redenoticia.com.br\/noticia\/?p=180381"},"modified":"2019-08-10T20:03:17","modified_gmt":"2019-08-10T23:03:17","slug":"resumo-novela-as-aventuras-de-poliana-12-08-sophie-aceita-proposta-de-pendleton","status":"publish","type":"post","link":"https:\/\/migracao.redenoticia.com.br\/noticia\/2019\/resumo-novela-as-aventuras-de-poliana-12-08-sophie-aceita-proposta-de-pendleton\/180381","title":{"rendered":"Resumo novela \u201cAs Aventuras de Poliana\u201d 12\/08: Sophie aceita proposta de Pendleton"},"content":{"rendered":"<p><strong><em><img loading=\"lazy\" decoding=\"async\" class=\"aligncenter size-large wp-image-148662\" src=\"https:\/\/migracao.redenoticia.com.br\/noticia\/imagens\/as-aventuras-de-poliana-novela-400x267.jpg\" alt=\"\" width=\"400\" height=\"267\" srcset=\"https:\/\/migracao.redenoticia.com.br\/noticia\/imagens\/as-aventuras-de-poliana-novela-400x267.jpg 400w, https:\/\/migracao.redenoticia.com.br\/noticia\/imagens\/as-aventuras-de-poliana-novela-250x167.jpg 250w, https:\/\/migracao.redenoticia.com.br\/noticia\/imagens\/as-aventuras-de-poliana-novela-150x100.jpg 150w, https:\/\/migracao.redenoticia.com.br\/noticia\/imagens\/as-aventuras-de-poliana-novela.jpg 600w\" sizes=\"auto, (max-width: 400px) 100vw, 400px\" \/>Resumo novela \u201cAs Aventuras de Poliana\u201d 12\/08<\/em><\/strong>: no cap\u00edtulo 324(*) da novela, resumo de segunda-feira, 12 de agosto, Roger, Marcelo e Guilherme discutem sobre o que far\u00e3o com rela\u00e7\u00e3o a doen\u00e7a de Gl\u00f3ria. Ap\u00f3s o acidente dom\u00e9stico, Lindomar acorda um pouco confuso. Pendleton faz uma proposta a Sophie para devolver seu bra\u00e7o. Lorena sente falta de Raquel, e Durval sugere que ela passe uma noite com a irm\u00e3. Sophie aceita a proposta de Pendleton e recupera seu bra\u00e7o. Roger fica impressionado com os n\u00fameros que o CLP vem alcan\u00e7ando.<\/p>\n<p>Preocupado com a doen\u00e7a de Gl\u00f3ria, Guilherme oferece suporte a av\u00f3.Lorena e Durval v\u00e3o visitar Raquel, mas a menina mant\u00e9m sua postura rebelde. Poliana pensa em contar para Luisa que Pendleton colocou Sara para a vigiar. Revoltada com os coment\u00e1rios maldosos acerca do t\u00e9rmino com Luca, Mirela grava um novo v\u00eddeo e nele fala sobre Raquel.<\/p>\n<p>Desconfiado de uma poss\u00edvel arma\u00e7\u00e3o entre Roger e Waldisney para invadir a casa de Pendleton, Jeff vai at\u00e9 a 0110 para confrontar o office boy. Jo\u00e3o descobre que Bento mexeu em algumas provas, e furioso, compartilha com seus amigos. Waldisney mente, e diz a Roger que n\u00e3o conseguiu invadir a casa de Pendleton. Brenda mostra o v\u00eddeo de Mirela para Raquel, e gera uma briga entre as amigas. Raquel exige que Mirela apague o v\u00eddeo.<\/p>\n<p>(*) edi\u00e7\u00e3o do SBT, Novela \u201cAs Aventuras de Poliana\u201d, sujeito a altera\u00e7\u00e3o de data e conte\u00fado.<\/p>\n<p>Poliana \u00e9 uma menina extrovertida e de bom cora\u00e7\u00e3o que viajava o Brasil com seus pais, Lorenzo e Alice, no grupo circense Trupe Vagalume. Aos onze anos a garota v\u00ea seu mundo desabar quando seus pais falecem e ela tem que ir morar em S\u00e3o Paulo com sua tia Lu\u00edsa, uma mulher rica e severa, a qual ela n\u00e3o conhecia e que n\u00e3o queria cuidar dela, embora sinta que \u00e9 sua obriga\u00e7\u00e3o pela alma de sua irm\u00e3. Apesar do jeito da rigidez da tia, Poliana decide ter uma vis\u00e3o positiva e inabal\u00e1vel da vida, mesmo nos momentos de dificuldade, tentando levar um pouco de felicidade para a vida de cada um dos seus novos amigos e vizinhos, como o Sr. Pendleton, um homem rico e infeliz por nunca ter tido filhos. Ela vai estudar no col\u00e9gio de Ruth, uma diretora de bom cora\u00e7\u00e3o que a ajuda a se adaptar, mas tem que lidar com as vilanias de Mirela, garota mais velha que n\u00e3o aceita perder a popularidade para uma novata.<\/p>\n","protected":false},"excerpt":{"rendered":"<p>Resumo novela \u201cAs Aventuras de Poliana\u201d 12\/08: no cap\u00edtulo 324(*) da novela, resumo de segunda-feira, 12 de agosto, Roger, Marcelo e Guilherme discutem sobre o que far\u00e3o com rela\u00e7\u00e3o a doen\u00e7a de Gl\u00f3ria. Ap\u00f3s o acidente dom\u00e9stico, Lindomar acorda um pouco confuso. Pendleton faz uma proposta a Sophie para devolver seu bra\u00e7o. Lorena sente falta [&hellip;]<\/p>\n","protected":false},"author":2,"featured_media":148663,"comment_status":"open","ping_status":"closed","sticky":false,"template":"","format":"standard","meta":{"tdm_status":"","tdm_grid_status":"","footnotes":""},"categories":[477,379,372,343],"tags":[441],"class_list":{"0":"post-180381","1":"post","2":"type-post","3":"status-publish","4":"format-standard","5":"has-post-thumbnail","7":"category-as-aventuras-de-poliana","8":"category-novelas","9":"category-sbt","10":"category-televisao","11":"tag-resumo-do-dia"},"_links":{"self":[{"href":"https:\/\/migracao.redenoticia.com.br\/noticia\/wp-json\/wp\/v2\/posts\/180381","targetHints":{"allow":["GET"]}}],"collection":[{"href":"https:\/\/migracao.redenoticia.com.br\/noticia\/wp-json\/wp\/v2\/posts"}],"about":[{"href":"https:\/\/migracao.redenoticia.com.br\/noticia\/wp-json\/wp\/v2\/types\/post"}],"author":[{"embeddable":true,"href":"https:\/\/migracao.redenoticia.com.br\/noticia\/wp-json\/wp\/v2\/users\/2"}],"replies":[{"embeddable":true,"href":"https:\/\/migracao.redenoticia.com.br\/noticia\/wp-json\/wp\/v2\/comments?post=180381"}],"version-history":[{"count":0,"href":"https:\/\/migracao.redenoticia.com.br\/noticia\/wp-json\/wp\/v2\/posts\/180381\/revisions"}],"wp:featuredmedia":[{"embeddable":true,"href":"https:\/\/migracao.redenoticia.com.br\/noticia\/wp-json\/wp\/v2\/media\/148663"}],"wp:attachment":[{"href":"https:\/\/migracao.redenoticia.com.br\/noticia\/wp-json\/wp\/v2\/media?parent=180381"}],"wp:term":[{"taxonomy":"category","embeddable":true,"href":"https:\/\/migracao.redenoticia.com.br\/noticia\/wp-json\/wp\/v2\/categories?post=180381"},{"taxonomy":"post_tag","embeddable":true,"href":"https:\/\/migracao.redenoticia.com.br\/noticia\/wp-json\/wp\/v2\/tags?post=180381"}],"curies":[{"name":"wp","href":"https:\/\/api.w.org\/{rel}","templated":true}]}}