{"id":180383,"date":"2019-08-10T20:05:34","date_gmt":"2019-08-10T23:05:34","guid":{"rendered":"https:\/\/www.redenoticia.com.br\/noticia\/?p=180383"},"modified":"2019-08-10T20:05:38","modified_gmt":"2019-08-10T23:05:38","slug":"resumo-novela-cumplices-de-um-resgate-12-08-regina-procura-rebeca","status":"publish","type":"post","link":"https:\/\/migracao.redenoticia.com.br\/noticia\/2019\/resumo-novela-cumplices-de-um-resgate-12-08-regina-procura-rebeca\/180383","title":{"rendered":"Resumo novela \u201cC\u00famplices de um Resgate\u201d 12\/08: Regina procura Rebeca"},"content":{"rendered":"<p><img loading=\"lazy\" decoding=\"async\" class=\"aligncenter size-large wp-image-164526\" src=\"https:\/\/migracao.redenoticia.com.br\/noticia\/imagens\/cumplices-de-um-resgate-001-316x300.jpg\" alt=\"\" width=\"316\" height=\"300\" srcset=\"https:\/\/migracao.redenoticia.com.br\/noticia\/imagens\/cumplices-de-um-resgate-001-316x300.jpg 316w, https:\/\/migracao.redenoticia.com.br\/noticia\/imagens\/cumplices-de-um-resgate-001-197x187.jpg 197w, https:\/\/migracao.redenoticia.com.br\/noticia\/imagens\/cumplices-de-um-resgate-001-150x143.jpg 150w, https:\/\/migracao.redenoticia.com.br\/noticia\/imagens\/cumplices-de-um-resgate-001.jpg 526w\" sizes=\"auto, (max-width: 316px) 100vw, 316px\" \/> Resumo novela \u201cC\u00famplices de um Resgate\u201d 12\/08: no cap\u00edtulo 156(*) da novela, segunda-feira, 12 de agosto, Sabrina decide pular corda com D\u00f3ris, mas a pequenina acaba se machucando. Pastor Augusto entrega uma pe\u00e7a de teatro ao Padre. Rebeca entrega cartazes em busca pela filha e se junta com as m\u00e3es da S\u00e9. Alicia faz uma reuni\u00e3o no condom\u00ednio para assumir o posto de s\u00edndica tempor\u00e1ria, j\u00e1 que Meire est\u00e1 doente. Joel obriga o filho, Omar, a recolher o esterco e terra que havia jogado no vilarejo. O garoto se irrita. Regina decide ir atr\u00e1s de Rebeca. A vil\u00e3 aproveita para arrumar uma situa\u00e7\u00e3o em que consegue questionar como est\u00e3o as buscas por Manuela.<\/p>\n<p>Regina fica tranquila ao escutar que Rebeca n\u00e3o t\u00eam sinal da filha. O Padre l\u00ea a pe\u00e7a \u201cA Hist\u00f3ria de Davi e Golias\u201d e pensa que exagerou, pois o Pastor e a Flavia fizeram um bom trabalho. Regina pede para Navarro seguir Rebeca nos pr\u00f3ximos dias para se certificar que Isabela n\u00e3o vai atr\u00e1s da mulher. Of\u00e9lio vai ao vilarejo e descobre que Antonela da qual Nico falava se trata de Marina. Lu\u00eds discute com a esposa, Clara, pois est\u00e1 insatisfeito por estar desempregado e n\u00e3o ter conseguido pagar nem o plano de sa\u00fade dos filhos. Marina finge ter perdido a mem\u00f3ria e que n\u00e3o reconhece Of\u00e9lio, que vai embora chateado.<\/p>\n<p>(*) edi\u00e7\u00e3o do SBT, Novela \u201cC\u00famplices de um Resgate\u201d, sujeito a altera\u00e7\u00e3o de data e conte\u00fado.<\/p>\n","protected":false},"excerpt":{"rendered":"<p>Resumo novela \u201cC\u00famplices de um Resgate\u201d 12\/08: no cap\u00edtulo 156(*) da novela, segunda-feira, 12 de agosto, Sabrina decide pular corda com D\u00f3ris, mas a pequenina acaba se machucando. Pastor Augusto entrega uma pe\u00e7a de teatro ao Padre. Rebeca entrega cartazes em busca pela filha e se junta com as m\u00e3es da S\u00e9. Alicia faz uma [&hellip;]<\/p>\n","protected":false},"author":2,"featured_media":164525,"comment_status":"open","ping_status":"closed","sticky":false,"template":"","format":"standard","meta":{"tdm_status":"","tdm_grid_status":"","footnotes":""},"categories":[379,372,343],"tags":[441],"class_list":{"0":"post-180383","1":"post","2":"type-post","3":"status-publish","4":"format-standard","5":"has-post-thumbnail","7":"category-novelas","8":"category-sbt","9":"category-televisao","10":"tag-resumo-do-dia"},"_links":{"self":[{"href":"https:\/\/migracao.redenoticia.com.br\/noticia\/wp-json\/wp\/v2\/posts\/180383","targetHints":{"allow":["GET"]}}],"collection":[{"href":"https:\/\/migracao.redenoticia.com.br\/noticia\/wp-json\/wp\/v2\/posts"}],"about":[{"href":"https:\/\/migracao.redenoticia.com.br\/noticia\/wp-json\/wp\/v2\/types\/post"}],"author":[{"embeddable":true,"href":"https:\/\/migracao.redenoticia.com.br\/noticia\/wp-json\/wp\/v2\/users\/2"}],"replies":[{"embeddable":true,"href":"https:\/\/migracao.redenoticia.com.br\/noticia\/wp-json\/wp\/v2\/comments?post=180383"}],"version-history":[{"count":0,"href":"https:\/\/migracao.redenoticia.com.br\/noticia\/wp-json\/wp\/v2\/posts\/180383\/revisions"}],"wp:featuredmedia":[{"embeddable":true,"href":"https:\/\/migracao.redenoticia.com.br\/noticia\/wp-json\/wp\/v2\/media\/164525"}],"wp:attachment":[{"href":"https:\/\/migracao.redenoticia.com.br\/noticia\/wp-json\/wp\/v2\/media?parent=180383"}],"wp:term":[{"taxonomy":"category","embeddable":true,"href":"https:\/\/migracao.redenoticia.com.br\/noticia\/wp-json\/wp\/v2\/categories?post=180383"},{"taxonomy":"post_tag","embeddable":true,"href":"https:\/\/migracao.redenoticia.com.br\/noticia\/wp-json\/wp\/v2\/tags?post=180383"}],"curies":[{"name":"wp","href":"https:\/\/api.w.org\/{rel}","templated":true}]}}