{"id":180431,"date":"2019-08-12T16:39:59","date_gmt":"2019-08-12T19:39:59","guid":{"rendered":"https:\/\/www.redenoticia.com.br\/noticia\/?p=180431"},"modified":"2019-08-12T16:40:08","modified_gmt":"2019-08-12T19:40:08","slug":"resumo-novela-a-dona-13-08-valentina-avisa-alonso-que-ama-jose-miguel","status":"publish","type":"post","link":"https:\/\/migracao.redenoticia.com.br\/noticia\/2019\/resumo-novela-a-dona-13-08-valentina-avisa-alonso-que-ama-jose-miguel\/180431","title":{"rendered":"Resumo novela \u201cA Dona\u201d 13\/08: Valentina avisa Alonso que ama Jos\u00e9 Miguel"},"content":{"rendered":"<p><img loading=\"lazy\" decoding=\"async\" class=\"aligncenter size-large wp-image-173633\" src=\"https:\/\/migracao.redenoticia.com.br\/noticia\/imagens\/a-dona-270x300.jpg\" alt=\"\" width=\"270\" height=\"300\" srcset=\"https:\/\/migracao.redenoticia.com.br\/noticia\/imagens\/a-dona-270x300.jpg 270w, https:\/\/migracao.redenoticia.com.br\/noticia\/imagens\/a-dona-168x187.jpg 168w, https:\/\/migracao.redenoticia.com.br\/noticia\/imagens\/a-dona.jpg 380w\" sizes=\"auto, (max-width: 270px) 100vw, 270px\" \/>Resumo da novela <strong><em>\u201cA Dona&#8221;<\/em><\/strong> em 13\/08: no cap\u00edtulo 096(*) da novela, ter\u00e7a-feira, 13 de agosto, Leonor pergunta a Ivana quem matou Oscar. Valentina diz a Jos\u00e9 Miguel que se ficar comprovado que Filadelfo mente, o demitir\u00e1 da fazenda Os Carac\u00f3is, mas que ele deve deixar que as autoridades fa\u00e7am justi\u00e7a. Ela o faz jurar que n\u00e3o enfrentar\u00e1 Rodrigo. Jos\u00e9 Miguel diz a Valentina que a ama, e nunca ser\u00e1 capaz de sentir algo parecido por Ivana, porque seu amor pertence s\u00f3 a ela. Eles se beijam. Filadelfo diz a Rodrigo que n\u00e3o conseguir\u00e1 sustentar por muito tempo sua mentira.<\/p>\n<p>Rodrigo o amea\u00e7a com um rev\u00f3lver e diz que ele seguir\u00e1 o encobrindo, do contr\u00e1rio morrer\u00e1. Jos\u00e9 diz a Valentina que n\u00e3o tolera ver Alonso perto dela. Valentina, chorando, diz que Alonso s\u00f3 foi passar uns dias com seu filho na fazenda e que o \u00fanico homem que ama \u00e9 ele, Jos\u00e9 Miguel. Valentina diz a Filadelfo que ele continuar\u00e1 trabalhando em Os Carac\u00f3is desde que consiga comprovar que n\u00e3o \u00e9 aliado de Rodrigo. Alonso diz a Ivana de suas visitas ao delegado Toledo e que ela nem precisa tentar negar porque engana a todos, mas a ele n\u00e3o.<\/p>\n<p>Alonso ainda afirma que \u00e9 inacredit\u00e1vel que ela fa\u00e7a isso tendo em vista que Valentina est\u00e1 renunciando seu grande amor em favor dela e de seu filho. Jos\u00e9 diz a Alonso que como n\u00e3o pode conquistar Valentina no passado, agora quer se contentar em ser seu amante. Ivana diz a Jos\u00e9 que ele \u00e9 livre para fazer o que tiver vontade. Valentina vai comer com Alonso e Santiaguinho e diz a Alonso que n\u00e3o consegue esquecer Jos\u00e9 Miguel.<\/p>\n<p>(*) edi\u00e7\u00e3o do SBT, Novela \u201cA Dona\u201d, sujeito a altera\u00e7\u00e3o de data e conte\u00fado.<\/p>\n<p>Destaques<\/p>\n<p>&#8220;A Dona&#8221; &#8211; Valentina Vila\u00e7a (Lucero) \u00e9 uma mulher que tem uma grande fortuna, que seus pais deixaram para ela quando morreram em um acidente de carro. Ela tem uma mans\u00e3o na Cidade do M\u00e9xico, onde vive com sua tia Isabel Rangel de Dorantes (Silvia Pinal), e sua prima Ivana Dorantes Rangel (Gabriela Spanic) que trata Valentina com muita indiferen\u00e7a e sente inveja dela.<\/p>\n<p>Tudo muda para Valentina quando seu noivo Alonso Penalva (David Zepeda), tramando com Ivana no dia de seu casamento, a deixa esperando no altar. A partir da\u00ed, Valentina se torna uma mulher amarga, e vai para sua fazenda, no interior. Chegando l\u00e1, ela conhece seu vizinho Jos\u00e9 Miguel Montesinos (Fernando Colunga).<\/p>\n","protected":false},"excerpt":{"rendered":"<p>Resumo da novela \u201cA Dona&#8221; em 13\/08: no cap\u00edtulo 096(*) da novela, ter\u00e7a-feira, 13 de agosto, Leonor pergunta a Ivana quem matou Oscar. Valentina diz a Jos\u00e9 Miguel que se ficar comprovado que Filadelfo mente, o demitir\u00e1 da fazenda Os Carac\u00f3is, mas que ele deve deixar que as autoridades fa\u00e7am justi\u00e7a. Ela o faz jurar [&hellip;]<\/p>\n","protected":false},"author":4,"featured_media":173626,"comment_status":"open","ping_status":"closed","sticky":false,"template":"","format":"standard","meta":{"tdm_status":"","tdm_grid_status":"","footnotes":""},"categories":[379,372,343],"tags":[441],"class_list":{"0":"post-180431","1":"post","2":"type-post","3":"status-publish","4":"format-standard","5":"has-post-thumbnail","7":"category-novelas","8":"category-sbt","9":"category-televisao","10":"tag-resumo-do-dia"},"_links":{"self":[{"href":"https:\/\/migracao.redenoticia.com.br\/noticia\/wp-json\/wp\/v2\/posts\/180431","targetHints":{"allow":["GET"]}}],"collection":[{"href":"https:\/\/migracao.redenoticia.com.br\/noticia\/wp-json\/wp\/v2\/posts"}],"about":[{"href":"https:\/\/migracao.redenoticia.com.br\/noticia\/wp-json\/wp\/v2\/types\/post"}],"author":[{"embeddable":true,"href":"https:\/\/migracao.redenoticia.com.br\/noticia\/wp-json\/wp\/v2\/users\/4"}],"replies":[{"embeddable":true,"href":"https:\/\/migracao.redenoticia.com.br\/noticia\/wp-json\/wp\/v2\/comments?post=180431"}],"version-history":[{"count":0,"href":"https:\/\/migracao.redenoticia.com.br\/noticia\/wp-json\/wp\/v2\/posts\/180431\/revisions"}],"wp:featuredmedia":[{"embeddable":true,"href":"https:\/\/migracao.redenoticia.com.br\/noticia\/wp-json\/wp\/v2\/media\/173626"}],"wp:attachment":[{"href":"https:\/\/migracao.redenoticia.com.br\/noticia\/wp-json\/wp\/v2\/media?parent=180431"}],"wp:term":[{"taxonomy":"category","embeddable":true,"href":"https:\/\/migracao.redenoticia.com.br\/noticia\/wp-json\/wp\/v2\/categories?post=180431"},{"taxonomy":"post_tag","embeddable":true,"href":"https:\/\/migracao.redenoticia.com.br\/noticia\/wp-json\/wp\/v2\/tags?post=180431"}],"curies":[{"name":"wp","href":"https:\/\/api.w.org\/{rel}","templated":true}]}}