{"id":180435,"date":"2019-08-12T16:42:33","date_gmt":"2019-08-12T19:42:33","guid":{"rendered":"https:\/\/www.redenoticia.com.br\/noticia\/?p=180435"},"modified":"2019-08-12T16:42:39","modified_gmt":"2019-08-12T19:42:39","slug":"resumo-novela-as-aventuras-de-poliana-13-08-gloria-expulsa-debora-do-cla","status":"publish","type":"post","link":"https:\/\/migracao.redenoticia.com.br\/noticia\/2019\/resumo-novela-as-aventuras-de-poliana-13-08-gloria-expulsa-debora-do-cla\/180435","title":{"rendered":"Resumo novela \u201cAs Aventuras de Poliana\u201d 13\/08: Gl\u00f3ria expulsa D\u00e9bora do CLA"},"content":{"rendered":"<p><strong><em><img loading=\"lazy\" decoding=\"async\" class=\"aligncenter size-large wp-image-148662\" src=\"https:\/\/migracao.redenoticia.com.br\/noticia\/imagens\/as-aventuras-de-poliana-novela-400x267.jpg\" alt=\"\" width=\"400\" height=\"267\" srcset=\"https:\/\/migracao.redenoticia.com.br\/noticia\/imagens\/as-aventuras-de-poliana-novela-400x267.jpg 400w, https:\/\/migracao.redenoticia.com.br\/noticia\/imagens\/as-aventuras-de-poliana-novela-250x167.jpg 250w, https:\/\/migracao.redenoticia.com.br\/noticia\/imagens\/as-aventuras-de-poliana-novela-150x100.jpg 150w, https:\/\/migracao.redenoticia.com.br\/noticia\/imagens\/as-aventuras-de-poliana-novela.jpg 600w\" sizes=\"auto, (max-width: 400px) 100vw, 400px\" \/>Resumo novela \u201cAs Aventuras de Poliana\u201d 13\/08<\/em><\/strong>: no cap\u00edtulo 325(*) da novela, resumo de ter\u00e7a-feira, 13 de agosto, o desenho misterioso com as iniciais \u201cDL\u201d aparece pichado tamb\u00e9m na padaria de Durval, e o deixa furioso. O Clube MaGaBeLo encontra uma foto antiga durante a busca no dep\u00f3sito da escola. Salvador vai at\u00e9 a escola para se despedir, dizendo que vai viajar para a Europa para divulgar sua arte. Os professores entregam os boletins aos alunos e todos ficam sabendo quem est\u00e1 aprovado para ir ao Campo de F\u00e9rias. As crian\u00e7as do MaGaBeLo perguntam a Hel\u00f4 se ela conhece as pessoas da foto que encontram.<\/p>\n<p>Lindomar volta a gravadora para gravar sua m\u00fasica, mas se atrapalha com o nervosismo. Hel\u00f4 anuncia o in\u00edcio do musical de fim de ano da escola, e os grupos come\u00e7am suas apresenta\u00e7\u00f5es. D\u00e9bora conta para Ruth que Gl\u00f3ria est\u00e1 doente e n\u00e3o tem mais condi\u00e7\u00f5es de presidir o CLA. Branca avisa Ver\u00f4nica que est\u00e1 deixando o CLP e ir\u00e1 retornar ao CLA. Nancy recebe uma liga\u00e7\u00e3o an\u00f3nima dizendo que Waldisney \u00e9 um criminoso.Luisa descobre que Pendleton inscreveu Poliana no Clube de F\u00e9rias.<\/p>\n<p>Gl\u00f3ria expulsa D\u00e9bora do CLA. Bento n\u00e3o aparece para a apresenta\u00e7\u00e3o do musical de seu grupo e Poliana, Jo\u00e3o, Luigi e Kessya se apresentam sem ele. O Clube MaGaBeLo pede a ajuda de Jeff para acossar o hist\u00f3rico escolar de Pendleton. Pendleton pressiona Waldisney para falar quem \u00e9 a outra pessoa que est\u00e1 desviando dinheiro da 0110.<\/p>\n<p>(*) edi\u00e7\u00e3o do SBT, Novela \u201cAs Aventuras de Poliana\u201d, sujeito a altera\u00e7\u00e3o de data e conte\u00fado.<\/p>\n<p>Poliana \u00e9 uma menina extrovertida e de bom cora\u00e7\u00e3o que viajava o Brasil com seus pais, Lorenzo e Alice, no grupo circense Trupe Vagalume. Aos onze anos a garota v\u00ea seu mundo desabar quando seus pais falecem e ela tem que ir morar em S\u00e3o Paulo com sua tia Lu\u00edsa, uma mulher rica e severa, a qual ela n\u00e3o conhecia e que n\u00e3o queria cuidar dela, embora sinta que \u00e9 sua obriga\u00e7\u00e3o pela alma de sua irm\u00e3. Apesar do jeito da rigidez da tia, Poliana decide ter uma vis\u00e3o positiva e inabal\u00e1vel da vida, mesmo nos momentos de dificuldade, tentando levar um pouco de felicidade para a vida de cada um dos seus novos amigos e vizinhos, como o Sr. Pendleton, um homem rico e infeliz por nunca ter tido filhos. Ela vai estudar no col\u00e9gio de Ruth, uma diretora de bom cora\u00e7\u00e3o que a ajuda a se adaptar, mas tem que lidar com as vilanias de Mirela, garota mais velha que n\u00e3o aceita perder a popularidade para uma novata.<\/p>\n","protected":false},"excerpt":{"rendered":"<p>Resumo novela \u201cAs Aventuras de Poliana\u201d 13\/08: no cap\u00edtulo 325(*) da novela, resumo de ter\u00e7a-feira, 13 de agosto, o desenho misterioso com as iniciais \u201cDL\u201d aparece pichado tamb\u00e9m na padaria de Durval, e o deixa furioso. O Clube MaGaBeLo encontra uma foto antiga durante a busca no dep\u00f3sito da escola. Salvador vai at\u00e9 a escola [&hellip;]<\/p>\n","protected":false},"author":4,"featured_media":148663,"comment_status":"open","ping_status":"closed","sticky":false,"template":"","format":"standard","meta":{"tdm_status":"","tdm_grid_status":"","footnotes":""},"categories":[477,379,372,343],"tags":[441],"class_list":{"0":"post-180435","1":"post","2":"type-post","3":"status-publish","4":"format-standard","5":"has-post-thumbnail","7":"category-as-aventuras-de-poliana","8":"category-novelas","9":"category-sbt","10":"category-televisao","11":"tag-resumo-do-dia"},"_links":{"self":[{"href":"https:\/\/migracao.redenoticia.com.br\/noticia\/wp-json\/wp\/v2\/posts\/180435","targetHints":{"allow":["GET"]}}],"collection":[{"href":"https:\/\/migracao.redenoticia.com.br\/noticia\/wp-json\/wp\/v2\/posts"}],"about":[{"href":"https:\/\/migracao.redenoticia.com.br\/noticia\/wp-json\/wp\/v2\/types\/post"}],"author":[{"embeddable":true,"href":"https:\/\/migracao.redenoticia.com.br\/noticia\/wp-json\/wp\/v2\/users\/4"}],"replies":[{"embeddable":true,"href":"https:\/\/migracao.redenoticia.com.br\/noticia\/wp-json\/wp\/v2\/comments?post=180435"}],"version-history":[{"count":0,"href":"https:\/\/migracao.redenoticia.com.br\/noticia\/wp-json\/wp\/v2\/posts\/180435\/revisions"}],"wp:featuredmedia":[{"embeddable":true,"href":"https:\/\/migracao.redenoticia.com.br\/noticia\/wp-json\/wp\/v2\/media\/148663"}],"wp:attachment":[{"href":"https:\/\/migracao.redenoticia.com.br\/noticia\/wp-json\/wp\/v2\/media?parent=180435"}],"wp:term":[{"taxonomy":"category","embeddable":true,"href":"https:\/\/migracao.redenoticia.com.br\/noticia\/wp-json\/wp\/v2\/categories?post=180435"},{"taxonomy":"post_tag","embeddable":true,"href":"https:\/\/migracao.redenoticia.com.br\/noticia\/wp-json\/wp\/v2\/tags?post=180435"}],"curies":[{"name":"wp","href":"https:\/\/api.w.org\/{rel}","templated":true}]}}