{"id":180437,"date":"2019-08-12T16:43:37","date_gmt":"2019-08-12T19:43:37","guid":{"rendered":"https:\/\/www.redenoticia.com.br\/noticia\/?p=180437"},"modified":"2019-08-12T16:43:43","modified_gmt":"2019-08-12T19:43:43","slug":"resumo-novela-cumplices-de-um-resgate-13-08-isabela-rasga-os-vestidos-de-regina","status":"publish","type":"post","link":"https:\/\/migracao.redenoticia.com.br\/noticia\/2019\/resumo-novela-cumplices-de-um-resgate-13-08-isabela-rasga-os-vestidos-de-regina\/180437","title":{"rendered":"Resumo novela \u201cC\u00famplices de um Resgate\u201d 13\/08: Isabela rasga os vestidos de Regina"},"content":{"rendered":"<p><img loading=\"lazy\" decoding=\"async\" class=\"aligncenter size-large wp-image-164526\" src=\"https:\/\/migracao.redenoticia.com.br\/noticia\/imagens\/cumplices-de-um-resgate-001-316x300.jpg\" alt=\"\" width=\"316\" height=\"300\" srcset=\"https:\/\/migracao.redenoticia.com.br\/noticia\/imagens\/cumplices-de-um-resgate-001-316x300.jpg 316w, https:\/\/migracao.redenoticia.com.br\/noticia\/imagens\/cumplices-de-um-resgate-001-197x187.jpg 197w, https:\/\/migracao.redenoticia.com.br\/noticia\/imagens\/cumplices-de-um-resgate-001-150x143.jpg 150w, https:\/\/migracao.redenoticia.com.br\/noticia\/imagens\/cumplices-de-um-resgate-001.jpg 526w\" sizes=\"auto, (max-width: 316px) 100vw, 316px\" \/> Resumo novela \u201cC\u00famplices de um Resgate\u201d 13\/08: no cap\u00edtulo 157(*) da novela, ter\u00e7a-feira, 13 de agosto, Regina fica irritada ao ver a casa inteiramente bagun\u00e7ada. Safira segue conselho de Ot\u00e1vio e visita \u00e0 casa de seus pais, mas enfrenta muita resist\u00eancia da filha, Priscila. Isabela fica feliz ao escutar os gritos de Regina ao ver seus vestidos todos rasgados. Acaba a luz na casa de Luiz por falta de pagamento. Meire agoniza de dores e febre em seu apartamento. Isabela se encontra com Manuela no quarto para falar sobre Marina e dizer que ir\u00e1 pessoalmente ao vilarejo para chorar a informa\u00e7\u00e3o da perda de mem\u00f3ria de Marina.<\/p>\n<p>Flavia conta ao pastor que seu tio, o padre gostou da pe\u00e7a. Mateus pede para que Omar fale com Joel para devolver o emprego de seu pai. Omar humilha Mateus na frente de todos e Sabrina chora, comovida pela maldade. Meire consegue chegar ao apartamento de Alicia com muita dificuldade. Priscila escuta Isabela, que na verdade \u00e9 Manuela, dizer o nome de Marina para os c\u00famplices.<\/p>\n<p>(*) edi\u00e7\u00e3o do SBT, Novela \u201cC\u00famplices de um Resgate\u201d, sujeito a altera\u00e7\u00e3o de data e conte\u00fado.<\/p>\n","protected":false},"excerpt":{"rendered":"<p>Resumo novela \u201cC\u00famplices de um Resgate\u201d 13\/08: no cap\u00edtulo 157(*) da novela, ter\u00e7a-feira, 13 de agosto, Regina fica irritada ao ver a casa inteiramente bagun\u00e7ada. Safira segue conselho de Ot\u00e1vio e visita \u00e0 casa de seus pais, mas enfrenta muita resist\u00eancia da filha, Priscila. Isabela fica feliz ao escutar os gritos de Regina ao ver [&hellip;]<\/p>\n","protected":false},"author":4,"featured_media":164526,"comment_status":"open","ping_status":"closed","sticky":false,"template":"","format":"standard","meta":{"tdm_status":"","tdm_grid_status":"","footnotes":""},"categories":[379,372,343],"tags":[441],"class_list":{"0":"post-180437","1":"post","2":"type-post","3":"status-publish","4":"format-standard","5":"has-post-thumbnail","7":"category-novelas","8":"category-sbt","9":"category-televisao","10":"tag-resumo-do-dia"},"_links":{"self":[{"href":"https:\/\/migracao.redenoticia.com.br\/noticia\/wp-json\/wp\/v2\/posts\/180437","targetHints":{"allow":["GET"]}}],"collection":[{"href":"https:\/\/migracao.redenoticia.com.br\/noticia\/wp-json\/wp\/v2\/posts"}],"about":[{"href":"https:\/\/migracao.redenoticia.com.br\/noticia\/wp-json\/wp\/v2\/types\/post"}],"author":[{"embeddable":true,"href":"https:\/\/migracao.redenoticia.com.br\/noticia\/wp-json\/wp\/v2\/users\/4"}],"replies":[{"embeddable":true,"href":"https:\/\/migracao.redenoticia.com.br\/noticia\/wp-json\/wp\/v2\/comments?post=180437"}],"version-history":[{"count":0,"href":"https:\/\/migracao.redenoticia.com.br\/noticia\/wp-json\/wp\/v2\/posts\/180437\/revisions"}],"wp:featuredmedia":[{"embeddable":true,"href":"https:\/\/migracao.redenoticia.com.br\/noticia\/wp-json\/wp\/v2\/media\/164526"}],"wp:attachment":[{"href":"https:\/\/migracao.redenoticia.com.br\/noticia\/wp-json\/wp\/v2\/media?parent=180437"}],"wp:term":[{"taxonomy":"category","embeddable":true,"href":"https:\/\/migracao.redenoticia.com.br\/noticia\/wp-json\/wp\/v2\/categories?post=180437"},{"taxonomy":"post_tag","embeddable":true,"href":"https:\/\/migracao.redenoticia.com.br\/noticia\/wp-json\/wp\/v2\/tags?post=180437"}],"curies":[{"name":"wp","href":"https:\/\/api.w.org\/{rel}","templated":true}]}}