{"id":180475,"date":"2019-08-13T16:09:47","date_gmt":"2019-08-13T19:09:47","guid":{"rendered":"https:\/\/www.redenoticia.com.br\/noticia\/?p=180475"},"modified":"2019-08-13T16:09:56","modified_gmt":"2019-08-13T19:09:56","slug":"resumo-novela-a-dona-14-08-valentina-descobre-que-benita-morreu","status":"publish","type":"post","link":"https:\/\/migracao.redenoticia.com.br\/noticia\/2019\/resumo-novela-a-dona-14-08-valentina-descobre-que-benita-morreu\/180475","title":{"rendered":"Resumo novela \u201cA Dona\u201d 14\/08: Valentina descobre que Benita morreu"},"content":{"rendered":"<p><img loading=\"lazy\" decoding=\"async\" class=\"aligncenter size-large wp-image-173633\" src=\"https:\/\/migracao.redenoticia.com.br\/noticia\/imagens\/a-dona-270x300.jpg\" alt=\"\" width=\"270\" height=\"300\" srcset=\"https:\/\/migracao.redenoticia.com.br\/noticia\/imagens\/a-dona-270x300.jpg 270w, https:\/\/migracao.redenoticia.com.br\/noticia\/imagens\/a-dona-168x187.jpg 168w, https:\/\/migracao.redenoticia.com.br\/noticia\/imagens\/a-dona.jpg 380w\" sizes=\"auto, (max-width: 270px) 100vw, 270px\" \/>Resumo da novela <strong><em>\u201cA Dona&#8221;<\/em><\/strong> em 14\/08: no cap\u00edtulo 098(*) da novela, quarta-feira, 14 de agosto, Leonor diz a Jos\u00e9 Miguel que j\u00e1 cumpriram seu dever social em assistir ao casamento de Sandra e Felipe, portanto devem voltar para a fazenda, j\u00e1 que Ivana ficou sozinha e n\u00e3o estava se sentindo bem. Jos\u00e9 responde que ele tamb\u00e9m ir\u00e1 a recep\u00e7\u00e3o que os noivos v\u00e3o oferecer e que, se Leonor quer ir embora, pedir\u00e1 para Jo\u00e3o lev\u00e1-la. Leonor diz a Jos\u00e9 que ele sempre procura por desculpas para estar perto de Valentina.<\/p>\n<p>Maria da Luz e Cristina encontram o corpo de Benita sem vida. Rodrigo diz a Alonso que n\u00e3o entende porque ele ainda est\u00e1 no povoado e pergunta se ele deseja ser expulso a balas. Valentina se surpreende ao escutar Jos\u00e9 Miguel dizer que Benita morreu. Felipe diz ao delegado que Benita morreu devido a um forte golpe que recebeu na cabe\u00e7a, que deve ter ca\u00eddo devido a umas tonturas das quais estava se queixando. O delegado responde que ent\u00e3o n\u00e3o houve homic\u00eddio. Leonor recrimina Jos\u00e9 Miguel por ter passado o dia todo com Valentina e diz que Ivana suspeita que eles t\u00eam se visto \u00e0s escondidas.<\/p>\n<p>Ela alerta e que se Ivana perder o filho, ele ser\u00e1 o \u00fanico culpado. Jos\u00e9 Miguel diz a Leonor que Benita morreu e a adverte que estar\u00e1 com Valentina nesse momento dif\u00edcil. Leonor responde que se fosse uma pessoa da fam\u00edlia poderia entender a dor de Valentina, mas que Benita era apenas uma empregada. Jos\u00e9 diz que Benita foi a mulher que dedicou sua vida a cuidar de Valentina e Ivana. Leonor e Jos\u00e9 Miguel chegam ao vel\u00f3rio de Benita.<\/p>\n<p>(*) edi\u00e7\u00e3o do SBT, Novela \u201cA Dona\u201d, sujeito a altera\u00e7\u00e3o de data e conte\u00fado.<\/p>\n<p>Destaques<\/p>\n<p>&#8220;A Dona&#8221; &#8211; Valentina Vila\u00e7a (Lucero) \u00e9 uma mulher que tem uma grande fortuna, que seus pais deixaram para ela quando morreram em um acidente de carro. Ela tem uma mans\u00e3o na Cidade do M\u00e9xico, onde vive com sua tia Isabel Rangel de Dorantes (Silvia Pinal), e sua prima Ivana Dorantes Rangel (Gabriela Spanic) que trata Valentina com muita indiferen\u00e7a e sente inveja dela.<\/p>\n<p>Tudo muda para Valentina quando seu noivo Alonso Penalva (David Zepeda), tramando com Ivana no dia de seu casamento, a deixa esperando no altar. A partir da\u00ed, Valentina se torna uma mulher amarga, e vai para sua fazenda, no interior. Chegando l\u00e1, ela conhece seu vizinho Jos\u00e9 Miguel Montesinos (Fernando Colunga).<\/p>\n","protected":false},"excerpt":{"rendered":"<p>Resumo da novela \u201cA Dona&#8221; em 14\/08: no cap\u00edtulo 098(*) da novela, quarta-feira, 14 de agosto, Leonor diz a Jos\u00e9 Miguel que j\u00e1 cumpriram seu dever social em assistir ao casamento de Sandra e Felipe, portanto devem voltar para a fazenda, j\u00e1 que Ivana ficou sozinha e n\u00e3o estava se sentindo bem. Jos\u00e9 responde que [&hellip;]<\/p>\n","protected":false},"author":4,"featured_media":173626,"comment_status":"open","ping_status":"closed","sticky":false,"template":"","format":"standard","meta":{"tdm_status":"","tdm_grid_status":"","footnotes":""},"categories":[379,372,343],"tags":[441],"class_list":{"0":"post-180475","1":"post","2":"type-post","3":"status-publish","4":"format-standard","5":"has-post-thumbnail","7":"category-novelas","8":"category-sbt","9":"category-televisao","10":"tag-resumo-do-dia"},"_links":{"self":[{"href":"https:\/\/migracao.redenoticia.com.br\/noticia\/wp-json\/wp\/v2\/posts\/180475","targetHints":{"allow":["GET"]}}],"collection":[{"href":"https:\/\/migracao.redenoticia.com.br\/noticia\/wp-json\/wp\/v2\/posts"}],"about":[{"href":"https:\/\/migracao.redenoticia.com.br\/noticia\/wp-json\/wp\/v2\/types\/post"}],"author":[{"embeddable":true,"href":"https:\/\/migracao.redenoticia.com.br\/noticia\/wp-json\/wp\/v2\/users\/4"}],"replies":[{"embeddable":true,"href":"https:\/\/migracao.redenoticia.com.br\/noticia\/wp-json\/wp\/v2\/comments?post=180475"}],"version-history":[{"count":0,"href":"https:\/\/migracao.redenoticia.com.br\/noticia\/wp-json\/wp\/v2\/posts\/180475\/revisions"}],"wp:featuredmedia":[{"embeddable":true,"href":"https:\/\/migracao.redenoticia.com.br\/noticia\/wp-json\/wp\/v2\/media\/173626"}],"wp:attachment":[{"href":"https:\/\/migracao.redenoticia.com.br\/noticia\/wp-json\/wp\/v2\/media?parent=180475"}],"wp:term":[{"taxonomy":"category","embeddable":true,"href":"https:\/\/migracao.redenoticia.com.br\/noticia\/wp-json\/wp\/v2\/categories?post=180475"},{"taxonomy":"post_tag","embeddable":true,"href":"https:\/\/migracao.redenoticia.com.br\/noticia\/wp-json\/wp\/v2\/tags?post=180475"}],"curies":[{"name":"wp","href":"https:\/\/api.w.org\/{rel}","templated":true}]}}