{"id":180482,"date":"2019-08-13T16:13:16","date_gmt":"2019-08-13T19:13:16","guid":{"rendered":"https:\/\/www.redenoticia.com.br\/noticia\/?p=180482"},"modified":"2019-08-13T16:13:22","modified_gmt":"2019-08-13T19:13:22","slug":"resumo-novela-cumplices-de-um-resgate-14-08-helena-recebe-um-panfleto-do-show-da-banda-c1r","status":"publish","type":"post","link":"https:\/\/migracao.redenoticia.com.br\/noticia\/2019\/resumo-novela-cumplices-de-um-resgate-14-08-helena-recebe-um-panfleto-do-show-da-banda-c1r\/180482","title":{"rendered":"Resumo novela \u201cC\u00famplices de um Resgate\u201d 14\/08: Helena recebe um panfleto do show da banda C1R"},"content":{"rendered":"<p><img loading=\"lazy\" decoding=\"async\" class=\"aligncenter size-large wp-image-164526\" src=\"https:\/\/migracao.redenoticia.com.br\/noticia\/imagens\/cumplices-de-um-resgate-001-316x300.jpg\" alt=\"\" width=\"316\" height=\"300\" srcset=\"https:\/\/migracao.redenoticia.com.br\/noticia\/imagens\/cumplices-de-um-resgate-001-316x300.jpg 316w, https:\/\/migracao.redenoticia.com.br\/noticia\/imagens\/cumplices-de-um-resgate-001-197x187.jpg 197w, https:\/\/migracao.redenoticia.com.br\/noticia\/imagens\/cumplices-de-um-resgate-001-150x143.jpg 150w, https:\/\/migracao.redenoticia.com.br\/noticia\/imagens\/cumplices-de-um-resgate-001.jpg 526w\" sizes=\"auto, (max-width: 316px) 100vw, 316px\" \/> Resumo novela \u201cC\u00famplices de um Resgate\u201d 14\/08: no cap\u00edtulo 158(*) da novela, quarta-feira, 14 de agosto, Meire acusa Alicia de ser uma ladra de cargo. Pedro e Helena percebem que Manteiguinha se perdeu, mas logo o avistam pr\u00f3ximo de uma outra cachorra poodle. Helena recebe um panfleto sobre um show da banda C1R e diz para Pedro que podem levar as crian\u00e7as do Vilarejo para assistir. Fiorina contrata Lu\u00eds para lhe ajudar com a venda do sorvete pelo vilarejo. Flora pensa em voltar a morar com os sobrinhos. Isabela coloca tinta no pote do creme que a massagista usaria em Regina, o que faz a vil\u00e3 ficar toda azul.<\/p>\n<p>Omar est\u00e1 focado em fazer Nair ser mandada embora. O rapaz coloca fios de cabelo numa torta e acusa ela. Helena e Pedro v\u00e3o at\u00e9 a On-Enterprise ver Rebeca. Pedro tumultua e insiste que Rebeca volte para o vilarejo, mas ela diz que quer ficar do lado de Ot\u00e1vio. Flavia pendura um cartaz convidando os alunos a participarem da pe\u00e7a das igrejas. Safira tenta se aproximar mais de Priscila e a chama para ir ao cabeleireiro por\u00e9m embora a menina resista, acaba aceitando.<\/p>\n<p>(*) edi\u00e7\u00e3o do SBT, Novela \u201cC\u00famplices de um Resgate\u201d, sujeito a altera\u00e7\u00e3o de data e conte\u00fado.<\/p>\n","protected":false},"excerpt":{"rendered":"<p>Resumo novela \u201cC\u00famplices de um Resgate\u201d 14\/08: no cap\u00edtulo 158(*) da novela, quarta-feira, 14 de agosto, Meire acusa Alicia de ser uma ladra de cargo. Pedro e Helena percebem que Manteiguinha se perdeu, mas logo o avistam pr\u00f3ximo de uma outra cachorra poodle. Helena recebe um panfleto sobre um show da banda C1R e diz [&hellip;]<\/p>\n","protected":false},"author":4,"featured_media":164526,"comment_status":"open","ping_status":"closed","sticky":false,"template":"","format":"standard","meta":{"tdm_status":"","tdm_grid_status":"","footnotes":""},"categories":[379,372,343],"tags":[441],"class_list":{"0":"post-180482","1":"post","2":"type-post","3":"status-publish","4":"format-standard","5":"has-post-thumbnail","7":"category-novelas","8":"category-sbt","9":"category-televisao","10":"tag-resumo-do-dia"},"_links":{"self":[{"href":"https:\/\/migracao.redenoticia.com.br\/noticia\/wp-json\/wp\/v2\/posts\/180482","targetHints":{"allow":["GET"]}}],"collection":[{"href":"https:\/\/migracao.redenoticia.com.br\/noticia\/wp-json\/wp\/v2\/posts"}],"about":[{"href":"https:\/\/migracao.redenoticia.com.br\/noticia\/wp-json\/wp\/v2\/types\/post"}],"author":[{"embeddable":true,"href":"https:\/\/migracao.redenoticia.com.br\/noticia\/wp-json\/wp\/v2\/users\/4"}],"replies":[{"embeddable":true,"href":"https:\/\/migracao.redenoticia.com.br\/noticia\/wp-json\/wp\/v2\/comments?post=180482"}],"version-history":[{"count":0,"href":"https:\/\/migracao.redenoticia.com.br\/noticia\/wp-json\/wp\/v2\/posts\/180482\/revisions"}],"wp:featuredmedia":[{"embeddable":true,"href":"https:\/\/migracao.redenoticia.com.br\/noticia\/wp-json\/wp\/v2\/media\/164526"}],"wp:attachment":[{"href":"https:\/\/migracao.redenoticia.com.br\/noticia\/wp-json\/wp\/v2\/media?parent=180482"}],"wp:term":[{"taxonomy":"category","embeddable":true,"href":"https:\/\/migracao.redenoticia.com.br\/noticia\/wp-json\/wp\/v2\/categories?post=180482"},{"taxonomy":"post_tag","embeddable":true,"href":"https:\/\/migracao.redenoticia.com.br\/noticia\/wp-json\/wp\/v2\/tags?post=180482"}],"curies":[{"name":"wp","href":"https:\/\/api.w.org\/{rel}","templated":true}]}}