{"id":180492,"date":"2019-08-13T16:18:55","date_gmt":"2019-08-13T19:18:55","guid":{"rendered":"https:\/\/www.redenoticia.com.br\/noticia\/?p=180492"},"modified":"2019-08-13T16:19:07","modified_gmt":"2019-08-13T19:19:07","slug":"resumo-novela-a-dona-do-pedaco-14-08-rock-descobre-que-jo-e-regis-estao-juntos","status":"publish","type":"post","link":"https:\/\/migracao.redenoticia.com.br\/noticia\/2019\/resumo-novela-a-dona-do-pedaco-14-08-rock-descobre-que-jo-e-regis-estao-juntos\/180492","title":{"rendered":"Resumo novela \u201cA Dona do Peda\u00e7o\u201d 14\/08: Rock descobre que J\u00f4 e R\u00e9gis est\u00e3o juntos"},"content":{"rendered":"<p><em><strong><img loading=\"lazy\" decoding=\"async\" class=\"aligncenter size-large wp-image-175347\" src=\"https:\/\/migracao.redenoticia.com.br\/noticia\/imagens\/A-Dona-do-Pedaco-globo-261x300.jpg\" alt=\"\" width=\"261\" height=\"300\" srcset=\"https:\/\/migracao.redenoticia.com.br\/noticia\/imagens\/A-Dona-do-Pedaco-globo-261x300.jpg 261w, https:\/\/migracao.redenoticia.com.br\/noticia\/imagens\/A-Dona-do-Pedaco-globo-163x187.jpg 163w, https:\/\/migracao.redenoticia.com.br\/noticia\/imagens\/A-Dona-do-Pedaco-globo.jpg 600w\" sizes=\"auto, (max-width: 261px) 100vw, 261px\" \/><\/strong><\/em><\/p>\n<p><em><strong>Resumo novela \u201cA Dona do Peda\u00e7o\u201d 14\/08:<\/strong><\/em> no cap\u00edtulo 075(*) da novela, resumo quarta-feira, 14 de agosto, R\u00e9gis e Evelina temem que Maria da Paz tenha se precipitado ao passar a f\u00e1brica para o nome de J\u00f4. Abel tem uma desconfian\u00e7a sobre Britney, e Rock sugere que a irm\u00e3 converse com o rapaz. R\u00e9gis aconselha Maria da Paz a n\u00e3o registrar o contrato com J\u00f4.<\/p>\n<p>Z\u00e9 H\u00e9lio e Rock ajudam T\u00e9o a acessar o celular de J\u00f4. A pedido de Rock, Agno abriga Leandro em seu apartamento. Antero diz a Maria que o registro do contrato j\u00e1 est\u00e1 feito e a f\u00e1brica est\u00e1 oficialmente no nome de J\u00f4. Rock descobre que J\u00f4 tem um relacionamento com R\u00e9gis.<\/p>\n<p>(*) edi\u00e7\u00e3o da Rede Globo, Novela \u201cA Dona do Peda\u00e7o\u201d, sujeito a altera\u00e7\u00e3o de data e conte\u00fado.<\/p>\n<p>Destaque<\/p>\n<p>Sinopse \u201cA Dona do Peda\u00e7o\u201d: a novela enaltece a trajet\u00f3ria de Maria da Paz (Juliana Paes), uma jovem humilde, da cidade fict\u00edcia de Rio Vermelho, no Esp\u00edrito Santo. Maria vem de uma fam\u00edlia de justiceiros profissionais, os Ramirez, e se apaixona justamente por Amadeu (Marcos Palmeira), advogado formado em Vit\u00f3ria e membro do cl\u00e3 rival nos neg\u00f3cios, os Matheus. A trama, dividida em um pr\u00f3logo e duas fases, traz uma hist\u00f3ria de amor com elementos \u00e0 Romeu e Julieta, sem perder o humor, que permeia todo o folhetim.<\/p>\n","protected":false},"excerpt":{"rendered":"<p>Resumo novela \u201cA Dona do Peda\u00e7o\u201d 14\/08: no cap\u00edtulo 075(*) da novela, resumo quarta-feira, 14 de agosto, R\u00e9gis e Evelina temem que Maria da Paz tenha se precipitado ao passar a f\u00e1brica para o nome de J\u00f4. Abel tem uma desconfian\u00e7a sobre Britney, e Rock sugere que a irm\u00e3 converse com o rapaz. R\u00e9gis aconselha [&hellip;]<\/p>\n","protected":false},"author":4,"featured_media":175348,"comment_status":"open","ping_status":"closed","sticky":false,"template":"","format":"standard","meta":{"tdm_status":"","tdm_grid_status":"","footnotes":""},"categories":[543,379,375,343],"tags":[441],"class_list":{"0":"post-180492","1":"post","2":"type-post","3":"status-publish","4":"format-standard","5":"has-post-thumbnail","7":"category-a-dona-do-pedaco","8":"category-novelas","9":"category-rede-globo","10":"category-televisao","11":"tag-resumo-do-dia"},"_links":{"self":[{"href":"https:\/\/migracao.redenoticia.com.br\/noticia\/wp-json\/wp\/v2\/posts\/180492","targetHints":{"allow":["GET"]}}],"collection":[{"href":"https:\/\/migracao.redenoticia.com.br\/noticia\/wp-json\/wp\/v2\/posts"}],"about":[{"href":"https:\/\/migracao.redenoticia.com.br\/noticia\/wp-json\/wp\/v2\/types\/post"}],"author":[{"embeddable":true,"href":"https:\/\/migracao.redenoticia.com.br\/noticia\/wp-json\/wp\/v2\/users\/4"}],"replies":[{"embeddable":true,"href":"https:\/\/migracao.redenoticia.com.br\/noticia\/wp-json\/wp\/v2\/comments?post=180492"}],"version-history":[{"count":0,"href":"https:\/\/migracao.redenoticia.com.br\/noticia\/wp-json\/wp\/v2\/posts\/180492\/revisions"}],"wp:featuredmedia":[{"embeddable":true,"href":"https:\/\/migracao.redenoticia.com.br\/noticia\/wp-json\/wp\/v2\/media\/175348"}],"wp:attachment":[{"href":"https:\/\/migracao.redenoticia.com.br\/noticia\/wp-json\/wp\/v2\/media?parent=180492"}],"wp:term":[{"taxonomy":"category","embeddable":true,"href":"https:\/\/migracao.redenoticia.com.br\/noticia\/wp-json\/wp\/v2\/categories?post=180492"},{"taxonomy":"post_tag","embeddable":true,"href":"https:\/\/migracao.redenoticia.com.br\/noticia\/wp-json\/wp\/v2\/tags?post=180492"}],"curies":[{"name":"wp","href":"https:\/\/api.w.org\/{rel}","templated":true}]}}