{"id":180539,"date":"2019-09-04T21:23:09","date_gmt":"2019-09-05T00:23:09","guid":{"rendered":"https:\/\/www.redenoticia.com.br\/noticia\/?p=180539"},"modified":"2019-09-05T22:38:11","modified_gmt":"2019-09-06T01:38:11","slug":"novela-a-dona-do-pedaco-maria-pede-para-camilo-encontrar-suas-sobrinhas","status":"publish","type":"post","link":"https:\/\/migracao.redenoticia.com.br\/noticia\/2019\/novela-a-dona-do-pedaco-maria-pede-para-camilo-encontrar-suas-sobrinhas\/180539","title":{"rendered":"Novela \u201cA Dona do Peda\u00e7o\u201d: Maria pede para Camilo encontrar suas sobrinhas"},"content":{"rendered":"<p><strong><em><img loading=\"lazy\" decoding=\"async\" class=\"aligncenter size-large wp-image-175348\" src=\"https:\/\/migracao.redenoticia.com.br\/noticia\/imagens\/A-Dona-do-Pedaco-globo-resumo-314x300.jpg\" alt=\"\" width=\"314\" height=\"300\" srcset=\"https:\/\/migracao.redenoticia.com.br\/noticia\/imagens\/A-Dona-do-Pedaco-globo-resumo-314x300.jpg 314w, https:\/\/migracao.redenoticia.com.br\/noticia\/imagens\/A-Dona-do-Pedaco-globo-resumo-196x187.jpg 196w, https:\/\/migracao.redenoticia.com.br\/noticia\/imagens\/A-Dona-do-Pedaco-globo-resumo.jpg 457w\" sizes=\"auto, (max-width: 314px) 100vw, 314px\" \/><\/em><\/strong><\/p>\n<p><strong><em>Novela &#8220;A Dona do Peda\u00e7o\u201d:<\/em><\/strong> Josiane (Agatha Moreira) expulsa Maria da Paz (Juliana Paes) da mans\u00e3o e da f\u00e1brica de bolos. Marlene (Suely Franco) abriga a amiga e sua m\u00e3e Evelina (N\u00edvea Maria). Magoada com a filha, Maria come\u00e7a a se lembrar das sobrinhas desaparecidas, sem saber que as meninas s\u00e3o Vivi (Paolla Oliveira) e Fabiana (Nathalia Dill), e revela: &#8220;Eram minhas meninas. Eu adorava as duas, mas ent\u00e3o, primeiro sumiu uma depois, depois sumiu outra&#8221;. Evelina lembra que uma das meninas foi raptada e a outra desapareceu na capital do Esp\u00edrito Santo.<\/p>\n<p>Maria comenta: &#8220;Eu sempre senti muita falta delas, mas ficou esse vazio no meu cora\u00e7\u00e3o. O doutor Antero (Ary Fontoura) tinha me dito que tinha contatos, que podia me ajudar a encontrar uma pista delas&#8221;. Marlene lembra que o investigador que Antero conhece ajudou Eus\u00e9bio (Marco Nanini) a encontrar sua fam\u00edlia. Eus\u00e9bio apresenta Maria a Camilo (Lee Taylor) e ela pede ajuda: &#8220;Eu reuni coragem e vim. Porque meu sonho \u00e9 encontrar as duas meninas, minhas duas sobrinhas. Minha irm\u00e3 morreu, elas sumiram e desde crian\u00e7as t\u00e3o desaparecidas&#8221;. Camilo diz que Maria precisa lhe contar todos os detalhes e ela promete: &#8220;Tudo que quiser saber. O que importa agora \u00e9 encontrar as minhas sobrinhas&#8221;. Cena prevista para setembro na novela \u201cA Dona do Peda\u00e7o\u201d.<\/p>\n<p>Sinopse \u201cA Dona do Peda\u00e7o\u201d: a novela enaltece a trajet\u00f3ria de Maria da Paz (Juliana Paes), uma jovem humilde, da cidade fict\u00edcia de Rio Vermelho, no Esp\u00edrito Santo. Maria vem de uma fam\u00edlia de justiceiros profissionais, os Ramirez, e se apaixona justamente por Amadeu (Marcos Palmeira), advogado formado em Vit\u00f3ria e membro do cl\u00e3 rival nos neg\u00f3cios, os Matheus. A trama, dividida em um pr\u00f3logo e duas fases, traz uma hist\u00f3ria de amor com elementos \u00e0 Romeu e Julieta, sem perder o humor, que permeia todo o folhetim.<\/p>\n","protected":false},"excerpt":{"rendered":"<p>Novela &#8220;A Dona do Peda\u00e7o\u201d: Josiane (Agatha Moreira) expulsa Maria da Paz (Juliana Paes) da mans\u00e3o e da f\u00e1brica de bolos. Marlene (Suely Franco) abriga a amiga e sua m\u00e3e Evelina (N\u00edvea Maria). Magoada com a filha, Maria come\u00e7a a se lembrar das sobrinhas desaparecidas, sem saber que as meninas s\u00e3o Vivi (Paolla Oliveira) e [&hellip;]<\/p>\n","protected":false},"author":2,"featured_media":175347,"comment_status":"open","ping_status":"closed","sticky":false,"template":"","format":"standard","meta":{"tdm_status":"","tdm_grid_status":"","footnotes":""},"categories":[543,379,375,343],"tags":[440],"class_list":{"0":"post-180539","1":"post","2":"type-post","3":"status-publish","4":"format-standard","5":"has-post-thumbnail","7":"category-a-dona-do-pedaco","8":"category-novelas","9":"category-rede-globo","10":"category-televisao","11":"tag-noticia-novela"},"_links":{"self":[{"href":"https:\/\/migracao.redenoticia.com.br\/noticia\/wp-json\/wp\/v2\/posts\/180539","targetHints":{"allow":["GET"]}}],"collection":[{"href":"https:\/\/migracao.redenoticia.com.br\/noticia\/wp-json\/wp\/v2\/posts"}],"about":[{"href":"https:\/\/migracao.redenoticia.com.br\/noticia\/wp-json\/wp\/v2\/types\/post"}],"author":[{"embeddable":true,"href":"https:\/\/migracao.redenoticia.com.br\/noticia\/wp-json\/wp\/v2\/users\/2"}],"replies":[{"embeddable":true,"href":"https:\/\/migracao.redenoticia.com.br\/noticia\/wp-json\/wp\/v2\/comments?post=180539"}],"version-history":[{"count":0,"href":"https:\/\/migracao.redenoticia.com.br\/noticia\/wp-json\/wp\/v2\/posts\/180539\/revisions"}],"wp:featuredmedia":[{"embeddable":true,"href":"https:\/\/migracao.redenoticia.com.br\/noticia\/wp-json\/wp\/v2\/media\/175347"}],"wp:attachment":[{"href":"https:\/\/migracao.redenoticia.com.br\/noticia\/wp-json\/wp\/v2\/media?parent=180539"}],"wp:term":[{"taxonomy":"category","embeddable":true,"href":"https:\/\/migracao.redenoticia.com.br\/noticia\/wp-json\/wp\/v2\/categories?post=180539"},{"taxonomy":"post_tag","embeddable":true,"href":"https:\/\/migracao.redenoticia.com.br\/noticia\/wp-json\/wp\/v2\/tags?post=180539"}],"curies":[{"name":"wp","href":"https:\/\/api.w.org\/{rel}","templated":true}]}}