{"id":180542,"date":"2019-08-14T16:31:18","date_gmt":"2019-08-14T19:31:18","guid":{"rendered":"https:\/\/www.redenoticia.com.br\/noticia\/?p=180542"},"modified":"2019-08-14T16:31:24","modified_gmt":"2019-08-14T19:31:24","slug":"resumo-novela-a-dona-15-08-valentina-descobre-que-leonor-foi-amante-de-rodrigo","status":"publish","type":"post","link":"https:\/\/migracao.redenoticia.com.br\/noticia\/2019\/resumo-novela-a-dona-15-08-valentina-descobre-que-leonor-foi-amante-de-rodrigo\/180542","title":{"rendered":"Resumo novela \u201cA Dona\u201d 15\/08: Valentina descobre que Leonor foi amante de Rodrigo"},"content":{"rendered":"<p><img loading=\"lazy\" decoding=\"async\" class=\"aligncenter size-large wp-image-173633\" src=\"https:\/\/migracao.redenoticia.com.br\/noticia\/imagens\/a-dona-270x300.jpg\" alt=\"\" width=\"270\" height=\"300\" srcset=\"https:\/\/migracao.redenoticia.com.br\/noticia\/imagens\/a-dona-270x300.jpg 270w, https:\/\/migracao.redenoticia.com.br\/noticia\/imagens\/a-dona-168x187.jpg 168w, https:\/\/migracao.redenoticia.com.br\/noticia\/imagens\/a-dona.jpg 380w\" sizes=\"auto, (max-width: 270px) 100vw, 270px\" \/>Resumo da novela <strong><em>\u201cA Dona&#8221;<\/em><\/strong> em 15\/08: no cap\u00edtulo 099(*) da novela, quinta-feira, 15 de agosto, Ivana diz que a prima est\u00e1 em frente a uma mulher ciumenta e invejosa, j\u00e1 que a at\u00e9 ent\u00e3o respeit\u00e1vel Leonor foi amante de Rodrigo Gavilan. Leonor, furiosa, adverte Ivana que ela se arrepender\u00e1. Valentina agradece por ter sido defendida. Ivana lhe diz que ela \u00e9 muito ing\u00eanua. Alonso diz a Jos\u00e9 Miguel que sabe que Valentina o disse muitas vezes que o ama, mas que esse amor est\u00e1 destinado ao fracasso, pois ele ser\u00e1 pai de um filho de Ivana. Jos\u00e9 recomenda que Alonso n\u00e3o se iluda, pois mesmo que ele assuma o filho de Ivana, jamais se casar\u00e1 com ela. Ele ressalta que Valentina n\u00e3o o deixar\u00e1 de amar por nada neste mundo. Valentina pede que Ivana volte a fazenda \u2018Os Carac\u00f3is\u2019.<\/p>\n<p>Ivana, fora de si, responde que s\u00f3 quer que a prima obrigue Jos\u00e9 a se casar com ela e diz que da fazenda Montesinos s\u00f3 sai casada com Jos\u00e9 Miguel. Leonor diz a Jos\u00e9 Miguel que \u00e9 tempo de Ivana voltar a viver na fazenda de Valentina. Ele responde que quando prop\u00f4s isso a Ivana, ela prontamente se recusou. Ivana, furiosa, pensa em sua falta de sorte, pois nem mesmo com grandes esfor\u00e7os consegue engravidar. Leonor exige de Ivana uma explica\u00e7\u00e3o por t\u00ea-la colocado em evid\u00eancia quanto a seu caso com Rodrigo diante de sua prima. Leonor completa dizendo que sabe que Ivana n\u00e3o ama Jos\u00e9 Miguel, e s\u00f3 o quer por capricho, pois inveja tudo que a sua prima tem.<\/p>\n<p>Ivana responde que isso foi s\u00f3 uma amostra do que \u00e9 capaz de fazer e reafirma que ela ficar\u00e1 ali at\u00e9 que tenha vontade, e n\u00e3o sair\u00e1 da fazenda Montesinos t\u00e3o f\u00e1cil. Jos\u00e9 Miguel diz a Valentina que perdeu tudo e vai embora do povoado em poucos dias. Valentina pede que ele a ame pela \u00faltima vez. Eles fazem amor. Rodrigo se enfurece ao ver fora da cabana os cavalos de Jos\u00e9 Miguel e Valentina, pois imagina o que pode estar acontecendo dentro do local. Jos\u00e9 Miguel diz a Valentina que neste momento n\u00e3o pode oferecer nada a ela e que seria um supl\u00edcio estar perto dela e n\u00e3o poder ter nada mais s\u00e9rio.<\/p>\n<p>(*) edi\u00e7\u00e3o do SBT, Novela \u201cA Dona\u201d, sujeito a altera\u00e7\u00e3o de data e conte\u00fado.<\/p>\n<p>Destaques<\/p>\n<p>&#8220;A Dona&#8221; &#8211; Valentina Vila\u00e7a (Lucero) \u00e9 uma mulher que tem uma grande fortuna, que seus pais deixaram para ela quando morreram em um acidente de carro. Ela tem uma mans\u00e3o na Cidade do M\u00e9xico, onde vive com sua tia Isabel Rangel de Dorantes (Silvia Pinal), e sua prima Ivana Dorantes Rangel (Gabriela Spanic) que trata Valentina com muita indiferen\u00e7a e sente inveja dela.<\/p>\n<p>Tudo muda para Valentina quando seu noivo Alonso Penalva (David Zepeda), tramando com Ivana no dia de seu casamento, a deixa esperando no altar. A partir da\u00ed, Valentina se torna uma mulher amarga, e vai para sua fazenda, no interior. Chegando l\u00e1, ela conhece seu vizinho Jos\u00e9 Miguel Montesinos (Fernando Colunga).<\/p>\n","protected":false},"excerpt":{"rendered":"<p>Resumo da novela \u201cA Dona&#8221; em 15\/08: no cap\u00edtulo 099(*) da novela, quinta-feira, 15 de agosto, Ivana diz que a prima est\u00e1 em frente a uma mulher ciumenta e invejosa, j\u00e1 que a at\u00e9 ent\u00e3o respeit\u00e1vel Leonor foi amante de Rodrigo Gavilan. Leonor, furiosa, adverte Ivana que ela se arrepender\u00e1. Valentina agradece por ter sido [&hellip;]<\/p>\n","protected":false},"author":4,"featured_media":173626,"comment_status":"open","ping_status":"closed","sticky":false,"template":"","format":"standard","meta":{"tdm_status":"","tdm_grid_status":"","footnotes":""},"categories":[379,372,343],"tags":[441],"class_list":{"0":"post-180542","1":"post","2":"type-post","3":"status-publish","4":"format-standard","5":"has-post-thumbnail","7":"category-novelas","8":"category-sbt","9":"category-televisao","10":"tag-resumo-do-dia"},"_links":{"self":[{"href":"https:\/\/migracao.redenoticia.com.br\/noticia\/wp-json\/wp\/v2\/posts\/180542","targetHints":{"allow":["GET"]}}],"collection":[{"href":"https:\/\/migracao.redenoticia.com.br\/noticia\/wp-json\/wp\/v2\/posts"}],"about":[{"href":"https:\/\/migracao.redenoticia.com.br\/noticia\/wp-json\/wp\/v2\/types\/post"}],"author":[{"embeddable":true,"href":"https:\/\/migracao.redenoticia.com.br\/noticia\/wp-json\/wp\/v2\/users\/4"}],"replies":[{"embeddable":true,"href":"https:\/\/migracao.redenoticia.com.br\/noticia\/wp-json\/wp\/v2\/comments?post=180542"}],"version-history":[{"count":0,"href":"https:\/\/migracao.redenoticia.com.br\/noticia\/wp-json\/wp\/v2\/posts\/180542\/revisions"}],"wp:featuredmedia":[{"embeddable":true,"href":"https:\/\/migracao.redenoticia.com.br\/noticia\/wp-json\/wp\/v2\/media\/173626"}],"wp:attachment":[{"href":"https:\/\/migracao.redenoticia.com.br\/noticia\/wp-json\/wp\/v2\/media?parent=180542"}],"wp:term":[{"taxonomy":"category","embeddable":true,"href":"https:\/\/migracao.redenoticia.com.br\/noticia\/wp-json\/wp\/v2\/categories?post=180542"},{"taxonomy":"post_tag","embeddable":true,"href":"https:\/\/migracao.redenoticia.com.br\/noticia\/wp-json\/wp\/v2\/tags?post=180542"}],"curies":[{"name":"wp","href":"https:\/\/api.w.org\/{rel}","templated":true}]}}