{"id":180546,"date":"2019-08-14T16:36:21","date_gmt":"2019-08-14T19:36:21","guid":{"rendered":"https:\/\/www.redenoticia.com.br\/noticia\/?p=180546"},"modified":"2019-08-14T16:36:28","modified_gmt":"2019-08-14T19:36:28","slug":"resumo-novela-as-aventuras-de-poliana-15-08-poliana-avisa-pendleton-que-nao-ira-ao-campo-de-ferias","status":"publish","type":"post","link":"https:\/\/migracao.redenoticia.com.br\/noticia\/2019\/resumo-novela-as-aventuras-de-poliana-15-08-poliana-avisa-pendleton-que-nao-ira-ao-campo-de-ferias\/180546","title":{"rendered":"Resumo novela \u201cAs Aventuras de Poliana\u201d 15\/08: Poliana avisa Pendleton que n\u00e3o ir\u00e1 ao Campo de F\u00e9rias"},"content":{"rendered":"<p><strong><em><img loading=\"lazy\" decoding=\"async\" class=\"aligncenter size-large wp-image-148662\" src=\"https:\/\/migracao.redenoticia.com.br\/noticia\/imagens\/as-aventuras-de-poliana-novela-400x267.jpg\" alt=\"\" width=\"400\" height=\"267\" srcset=\"https:\/\/migracao.redenoticia.com.br\/noticia\/imagens\/as-aventuras-de-poliana-novela-400x267.jpg 400w, https:\/\/migracao.redenoticia.com.br\/noticia\/imagens\/as-aventuras-de-poliana-novela-250x167.jpg 250w, https:\/\/migracao.redenoticia.com.br\/noticia\/imagens\/as-aventuras-de-poliana-novela-150x100.jpg 150w, https:\/\/migracao.redenoticia.com.br\/noticia\/imagens\/as-aventuras-de-poliana-novela.jpg 600w\" sizes=\"auto, (max-width: 400px) 100vw, 400px\" \/>Resumo novela \u201cAs Aventuras de Poliana\u201d 15\/08<\/em><\/strong>: no cap\u00edtulo 327(*) da novela, resumo de quinta-feira, 15 de agosto, Lindomar diz a Jeff que se lembrou de toda conversa que teve com Ciro. No laborat\u00f3rio, Pendleton da os toques finais em seu projeto secreto. Poliana vai at\u00e9 a casa de Pendleton para perguntar o motivo dele ter alterado a pontua\u00e7\u00e3o da menina no jogo Vetherna. Vini conta a Mirela sobre a conversa que teve com o pai de Gabi. Fernanda sugere que Raquel v\u00e1 a conversar com um psic\u00f3logo. Revoltada, Raquel continua suas picha\u00e7\u00f5es, e quase \u00e9 pega por Guilherme, que desconfia cada vez mais que ela seja \u201cDark Lady\u201d.<\/p>\n<p>Jo\u00e3o teme que Marcelo n\u00e3o o deixe ir para o Campo de F\u00e9rias.Mirela conta para av\u00f3 que Vini est\u00e1 prestes a terminar seu namoro, e Branca incentiva a neta a ir atr\u00e1s dele. Kessya sugere as integrantes do CLP que fa\u00e7am uma a\u00e7\u00e3o em parceria com os professores da Ruth Goulart. Bento insiste e Ruth autoriza que o menino v\u00e1 para o Campo de F\u00e9rias. Desconfiada de Waldisney, Nancy faz algumas perguntas a ele.<\/p>\n<p>Poliana avisa Pendleton que n\u00e3o poder\u00e1 ir ao Campo de F\u00e9rias, e indignado com a not\u00edcia, ele arma um plano. Roger consegue incluir Filipa para participar do Campo de F\u00e9rias. Marcelo pede a ajuda de Jeff para descobrir quem hackeou o IP de seu computador. Luigi ajuda Yasmin em seus estudos, e a menina pergunta a ele o motivo de seu afastamento. Luisa e Marcelo procuram hot\u00e9is para a viagem a Foz do Igua\u00e7u, por\u00e9m n\u00e3o encontram vagas.<\/p>\n<p>(*) edi\u00e7\u00e3o do SBT, Novela \u201cAs Aventuras de Poliana\u201d, sujeito a altera\u00e7\u00e3o de data e conte\u00fado.<\/p>\n<p>Poliana \u00e9 uma menina extrovertida e de bom cora\u00e7\u00e3o que viajava o Brasil com seus pais, Lorenzo e Alice, no grupo circense Trupe Vagalume. Aos onze anos a garota v\u00ea seu mundo desabar quando seus pais falecem e ela tem que ir morar em S\u00e3o Paulo com sua tia Lu\u00edsa, uma mulher rica e severa, a qual ela n\u00e3o conhecia e que n\u00e3o queria cuidar dela, embora sinta que \u00e9 sua obriga\u00e7\u00e3o pela alma de sua irm\u00e3. Apesar do jeito da rigidez da tia, Poliana decide ter uma vis\u00e3o positiva e inabal\u00e1vel da vida, mesmo nos momentos de dificuldade, tentando levar um pouco de felicidade para a vida de cada um dos seus novos amigos e vizinhos, como o Sr. Pendleton, um homem rico e infeliz por nunca ter tido filhos. Ela vai estudar no col\u00e9gio de Ruth, uma diretora de bom cora\u00e7\u00e3o que a ajuda a se adaptar, mas tem que lidar com as vilanias de Mirela, garota mais velha que n\u00e3o aceita perder a popularidade para uma novata.<\/p>\n","protected":false},"excerpt":{"rendered":"<p>Resumo novela \u201cAs Aventuras de Poliana\u201d 15\/08: no cap\u00edtulo 327(*) da novela, resumo de quinta-feira, 15 de agosto, Lindomar diz a Jeff que se lembrou de toda conversa que teve com Ciro. No laborat\u00f3rio, Pendleton da os toques finais em seu projeto secreto. Poliana vai at\u00e9 a casa de Pendleton para perguntar o motivo dele [&hellip;]<\/p>\n","protected":false},"author":4,"featured_media":148663,"comment_status":"open","ping_status":"closed","sticky":false,"template":"","format":"standard","meta":{"tdm_status":"","tdm_grid_status":"","footnotes":""},"categories":[477,379,372,343],"tags":[441],"class_list":{"0":"post-180546","1":"post","2":"type-post","3":"status-publish","4":"format-standard","5":"has-post-thumbnail","7":"category-as-aventuras-de-poliana","8":"category-novelas","9":"category-sbt","10":"category-televisao","11":"tag-resumo-do-dia"},"_links":{"self":[{"href":"https:\/\/migracao.redenoticia.com.br\/noticia\/wp-json\/wp\/v2\/posts\/180546","targetHints":{"allow":["GET"]}}],"collection":[{"href":"https:\/\/migracao.redenoticia.com.br\/noticia\/wp-json\/wp\/v2\/posts"}],"about":[{"href":"https:\/\/migracao.redenoticia.com.br\/noticia\/wp-json\/wp\/v2\/types\/post"}],"author":[{"embeddable":true,"href":"https:\/\/migracao.redenoticia.com.br\/noticia\/wp-json\/wp\/v2\/users\/4"}],"replies":[{"embeddable":true,"href":"https:\/\/migracao.redenoticia.com.br\/noticia\/wp-json\/wp\/v2\/comments?post=180546"}],"version-history":[{"count":0,"href":"https:\/\/migracao.redenoticia.com.br\/noticia\/wp-json\/wp\/v2\/posts\/180546\/revisions"}],"wp:featuredmedia":[{"embeddable":true,"href":"https:\/\/migracao.redenoticia.com.br\/noticia\/wp-json\/wp\/v2\/media\/148663"}],"wp:attachment":[{"href":"https:\/\/migracao.redenoticia.com.br\/noticia\/wp-json\/wp\/v2\/media?parent=180546"}],"wp:term":[{"taxonomy":"category","embeddable":true,"href":"https:\/\/migracao.redenoticia.com.br\/noticia\/wp-json\/wp\/v2\/categories?post=180546"},{"taxonomy":"post_tag","embeddable":true,"href":"https:\/\/migracao.redenoticia.com.br\/noticia\/wp-json\/wp\/v2\/tags?post=180546"}],"curies":[{"name":"wp","href":"https:\/\/api.w.org\/{rel}","templated":true}]}}