{"id":180592,"date":"2019-08-15T16:27:48","date_gmt":"2019-08-15T19:27:48","guid":{"rendered":"https:\/\/www.redenoticia.com.br\/noticia\/?p=180592"},"modified":"2019-08-15T16:27:55","modified_gmt":"2019-08-15T19:27:55","slug":"resumo-novela-a-dona-16-08-rodrigo-rapta-valentina","status":"publish","type":"post","link":"https:\/\/migracao.redenoticia.com.br\/noticia\/2019\/resumo-novela-a-dona-16-08-rodrigo-rapta-valentina\/180592","title":{"rendered":"Resumo novela \u201cA Dona\u201d 16\/08: Rodrigo rapta Valentina"},"content":{"rendered":"<p><img loading=\"lazy\" decoding=\"async\" class=\"aligncenter size-large wp-image-173633\" src=\"https:\/\/migracao.redenoticia.com.br\/noticia\/imagens\/a-dona-270x300.jpg\" alt=\"\" width=\"270\" height=\"300\" srcset=\"https:\/\/migracao.redenoticia.com.br\/noticia\/imagens\/a-dona-270x300.jpg 270w, https:\/\/migracao.redenoticia.com.br\/noticia\/imagens\/a-dona-168x187.jpg 168w, https:\/\/migracao.redenoticia.com.br\/noticia\/imagens\/a-dona.jpg 380w\" sizes=\"auto, (max-width: 270px) 100vw, 270px\" \/>Resumo da novela <strong><em>\u201cA Dona&#8221;<\/em><\/strong> em 16\/08: no cap\u00edtulo 100(*) da novela, sexta-feira, 16 de agosto, Rodrigo rapta Valentina. Alonso encontra a caminhonete de Valentina e v\u00ea Gabriela desmaiada. Gabriela desperta e diz a Alonso que Rodrigo levou Valentina. Jos\u00e9 Miguel diz a Leonor que Sabino tem instru\u00e7\u00f5es para vender o gado, pois com esse dinheiro poder\u00e3o quitar as d\u00edvidas da fazenda. Leonor responde que n\u00e3o quer se enterrar na fazenda. Sem que Jos\u00e9 desconfie, Leonor pensa em deixar a fazenda.<\/p>\n<p>Valentina exige que Rodrigo diga por que a sequestrou. Ele n\u00e3o responde e Valentina oferece dinheiro para que ele a liberte. Rodrigo a mostra muitas moedas de ouro e afirma que a dona est\u00e1 enganada se pensa que ele precisa de dinheiro. Hor\u00e1cio informa Jos\u00e9 Miguel que Rodrigo sequestrou Valentina. Ele de imediato de une ao delegado para formar grupos de busca.<\/p>\n<p>(*) edi\u00e7\u00e3o do SBT, Novela \u201cA Dona\u201d, sujeito a altera\u00e7\u00e3o de data e conte\u00fado.<\/p>\n<p>Destaques<\/p>\n<p>&#8220;A Dona&#8221; &#8211; Valentina Vila\u00e7a (Lucero) \u00e9 uma mulher que tem uma grande fortuna, que seus pais deixaram para ela quando morreram em um acidente de carro. Ela tem uma mans\u00e3o na Cidade do M\u00e9xico, onde vive com sua tia Isabel Rangel de Dorantes (Silvia Pinal), e sua prima Ivana Dorantes Rangel (Gabriela Spanic) que trata Valentina com muita indiferen\u00e7a e sente inveja dela.<\/p>\n<p>Tudo muda para Valentina quando seu noivo Alonso Penalva (David Zepeda), tramando com Ivana no dia de seu casamento, a deixa esperando no altar. A partir da\u00ed, Valentina se torna uma mulher amarga, e vai para sua fazenda, no interior. Chegando l\u00e1, ela conhece seu vizinho Jos\u00e9 Miguel Montesinos (Fernando Colunga).<\/p>\n","protected":false},"excerpt":{"rendered":"<p>Resumo da novela \u201cA Dona&#8221; em 16\/08: no cap\u00edtulo 100(*) da novela, sexta-feira, 16 de agosto, Rodrigo rapta Valentina. Alonso encontra a caminhonete de Valentina e v\u00ea Gabriela desmaiada. Gabriela desperta e diz a Alonso que Rodrigo levou Valentina. Jos\u00e9 Miguel diz a Leonor que Sabino tem instru\u00e7\u00f5es para vender o gado, pois com esse [&hellip;]<\/p>\n","protected":false},"author":4,"featured_media":173626,"comment_status":"open","ping_status":"closed","sticky":false,"template":"","format":"standard","meta":{"tdm_status":"","tdm_grid_status":"","footnotes":""},"categories":[379,372,343],"tags":[441],"class_list":{"0":"post-180592","1":"post","2":"type-post","3":"status-publish","4":"format-standard","5":"has-post-thumbnail","7":"category-novelas","8":"category-sbt","9":"category-televisao","10":"tag-resumo-do-dia"},"_links":{"self":[{"href":"https:\/\/migracao.redenoticia.com.br\/noticia\/wp-json\/wp\/v2\/posts\/180592","targetHints":{"allow":["GET"]}}],"collection":[{"href":"https:\/\/migracao.redenoticia.com.br\/noticia\/wp-json\/wp\/v2\/posts"}],"about":[{"href":"https:\/\/migracao.redenoticia.com.br\/noticia\/wp-json\/wp\/v2\/types\/post"}],"author":[{"embeddable":true,"href":"https:\/\/migracao.redenoticia.com.br\/noticia\/wp-json\/wp\/v2\/users\/4"}],"replies":[{"embeddable":true,"href":"https:\/\/migracao.redenoticia.com.br\/noticia\/wp-json\/wp\/v2\/comments?post=180592"}],"version-history":[{"count":0,"href":"https:\/\/migracao.redenoticia.com.br\/noticia\/wp-json\/wp\/v2\/posts\/180592\/revisions"}],"wp:featuredmedia":[{"embeddable":true,"href":"https:\/\/migracao.redenoticia.com.br\/noticia\/wp-json\/wp\/v2\/media\/173626"}],"wp:attachment":[{"href":"https:\/\/migracao.redenoticia.com.br\/noticia\/wp-json\/wp\/v2\/media?parent=180592"}],"wp:term":[{"taxonomy":"category","embeddable":true,"href":"https:\/\/migracao.redenoticia.com.br\/noticia\/wp-json\/wp\/v2\/categories?post=180592"},{"taxonomy":"post_tag","embeddable":true,"href":"https:\/\/migracao.redenoticia.com.br\/noticia\/wp-json\/wp\/v2\/tags?post=180592"}],"curies":[{"name":"wp","href":"https:\/\/api.w.org\/{rel}","templated":true}]}}