{"id":1807,"date":"2009-05-20T16:07:54","date_gmt":"2009-05-20T20:07:54","guid":{"rendered":"http:\/\/www.redenoticia.com.br\/noticia\/?p=1807"},"modified":"2009-05-20T16:07:54","modified_gmt":"2009-05-20T20:07:54","slug":"porto-velho-participara-do-dia-mundial-sem-tabaco","status":"publish","type":"post","link":"https:\/\/migracao.redenoticia.com.br\/noticia\/2009\/porto-velho-participara-do-dia-mundial-sem-tabaco\/1807","title":{"rendered":"Porto Velho participar\u00e1 do Dia Mundial Sem Tabaco"},"content":{"rendered":"<p align=\"justify\">\u00a0<span style=\"font-family: Arial; font-size: medium;\">Com o tema \u201cAdvert\u00eancia sanit\u00e1ria nas embalagens dos produtos derivados do tabaco\u201d, ser\u00e3o realizadas v\u00e1rias atividades at\u00e9 o dia 31 de maio, dia Mundial Sem Tabaco. Em Porto Velho, as atividades educativas v\u00e3o ser realizadas pela secretaria municipal de Sa\u00fade (Semusa), em parceria com v\u00e1rios \u00f3rg\u00e3os e institui\u00e7\u00f5es. A programa\u00e7\u00e3o municipal ser\u00e1 coordenada pelo N\u00facleo de Educa\u00e7\u00e3o e Sa\u00fade(Niemsus) que vai distribuir folders, palestras e atividades f\u00edsicas.<\/span><\/p>\n<p align=\"justify\">\u00a0\u00a0\u00a0\u00a0\u00a0\u00a0<span style=\"font-family: Arial; font-size: medium;\">O tabaco \u00e9 respons\u00e1vel por 5 milh\u00f5es de mortes anuais no planeta e \u00e9 considerado um dos mais s\u00e9rios problemas de sa\u00fade p\u00fablica. Segundo os dados do Minist\u00e9rio da Sa\u00fade, mais de 200 mil pessoas morrem anualmente v\u00edtimas de doen\u00e7as ocasionadas pelo fumo.<\/span><\/p>\n<p align=\"justify\">\u00a0\u00a0\u00a0\u00a0\u00a0\u00a0<span style=\"font-family: Arial; font-size: medium;\">Durante a semana que antecede o Dia Mundial, v\u00e1rios \u00f3rg\u00e3os e institui\u00e7\u00f5es\u00a0 discutem o controle do tabagismo no Brasil e no mundo abordando e discutindo o tema nas mais diversas \u00e1reas, como sa\u00fade, educa\u00e7\u00e3o, direito das crian\u00e7as e das mulheres, meio ambiente, legisla\u00e7\u00e3o e economia, com o objetivo de pressionar os legisladores a tomarem as provid\u00eancias necess\u00e1rias para um mundo sem tabaco.<\/span><\/p>\n<p align=\"justify\"><span style=\"font-family: Arial; font-size: medium;\">Em v\u00e1rias cidades do pa\u00eds, j\u00e1 h\u00e1 leis espec\u00edficas para tratar das quest\u00f5es que envolvem o tabaco. \u201cInfelizmente, a quest\u00e3o do controle do tabaco enfrenta interesses contr\u00e1rios, principalmente da ind\u00fastria do tabaco. Por este motivo \u00e9 importante mobilizar a sociedade em prol da sa\u00fade da popula\u00e7\u00e3o e contra o lucro desmedido e irrespons\u00e1vel da ind\u00fastria do tabaco, que visa apenas seus lucros em detrimento de doen\u00e7as, mortes, invalidez e destrui\u00e7\u00e3o do meio ambiente\u201d esclarece a coordenadora do n\u00facleo de educa\u00e7\u00e3o e sa\u00fade da secretaria municipal de sa\u00fade, Naderge Moura.<\/span><\/p>\n<p align=\"justify\">\u00a0\u00a0\u00a0\u00a0\u00a0\u00a0<span style=\"font-family: Arial; font-size: medium;\">A Semusa organizou algumas atividades que ser\u00e3o desenvolvidas durante a semana nas unidades de Sa\u00fade com o apoio de algumas institui\u00e7\u00f5es parceiras, com objetivo de atrair as pessoas para os esclarecimentos sobre os malef\u00edcios do tabagismo, tanto para quem fuma, como para os chamados fumantes passivos.<\/span><\/p>\n<p align=\"justify\">\u00a0\u00a0\u00a0\u00a0\u00a0\u00a0<span style=\"font-family: Arial; font-size: medium;\">A secretaria municipal de Sa\u00fade j\u00e1 se prepara para a implanta\u00e7\u00e3o do tratamento ao fumante na rede municipal de sa\u00fade e para isso j\u00e1 iniciou as capacita\u00e7\u00f5es para os t\u00e9cnicos e profissionais de v\u00e1rias \u00e1reas que v\u00e3o atuar no processo de tratamento para as pessoas que querem deixar de fumar, mas precisam de acompanhamento.<\/span><\/p>\n<p align=\"justify\">\u00a0\u00a0\u00a0\u00a0\u00a0\u00a0<span style=\"font-family: Arial; font-size: medium;\">\u00a0Para encerrar a semana de atividades que antecedem o Dia Mundial Sem Tabaco, a Semusa tamb\u00e9m est\u00e1 na organiza\u00e7\u00e3o da caminhada que vai acontecer noi dia 29 de maio, sexta feira, \u00e0s 17:00hs, no espa\u00e7o Alternativo, na avenida Jorge Teixeira.<\/span><\/p>\n","protected":false},"excerpt":{"rendered":"<p>\u00a0Com o tema \u201cAdvert\u00eancia sanit\u00e1ria nas embalagens dos produtos derivados do tabaco\u201d, ser\u00e3o realizadas v\u00e1rias atividades at\u00e9 o dia 31 de maio, dia Mundial Sem Tabaco. Em Porto Velho, as atividades educativas v\u00e3o ser realizadas pela secretaria municipal de Sa\u00fade (Semusa), em parceria com v\u00e1rios \u00f3rg\u00e3os e institui\u00e7\u00f5es. A programa\u00e7\u00e3o municipal ser\u00e1 coordenada pelo N\u00facleo [&hellip;]<\/p>\n","protected":false},"author":2,"featured_media":0,"comment_status":"open","ping_status":"open","sticky":false,"template":"","format":"standard","meta":{"tdm_status":"","tdm_grid_status":"","footnotes":""},"categories":[5],"tags":[],"class_list":{"0":"post-1807","1":"post","2":"type-post","3":"status-publish","4":"format-standard","6":"category-saude-e-vida"},"_links":{"self":[{"href":"https:\/\/migracao.redenoticia.com.br\/noticia\/wp-json\/wp\/v2\/posts\/1807","targetHints":{"allow":["GET"]}}],"collection":[{"href":"https:\/\/migracao.redenoticia.com.br\/noticia\/wp-json\/wp\/v2\/posts"}],"about":[{"href":"https:\/\/migracao.redenoticia.com.br\/noticia\/wp-json\/wp\/v2\/types\/post"}],"author":[{"embeddable":true,"href":"https:\/\/migracao.redenoticia.com.br\/noticia\/wp-json\/wp\/v2\/users\/2"}],"replies":[{"embeddable":true,"href":"https:\/\/migracao.redenoticia.com.br\/noticia\/wp-json\/wp\/v2\/comments?post=1807"}],"version-history":[{"count":0,"href":"https:\/\/migracao.redenoticia.com.br\/noticia\/wp-json\/wp\/v2\/posts\/1807\/revisions"}],"wp:attachment":[{"href":"https:\/\/migracao.redenoticia.com.br\/noticia\/wp-json\/wp\/v2\/media?parent=1807"}],"wp:term":[{"taxonomy":"category","embeddable":true,"href":"https:\/\/migracao.redenoticia.com.br\/noticia\/wp-json\/wp\/v2\/categories?post=1807"},{"taxonomy":"post_tag","embeddable":true,"href":"https:\/\/migracao.redenoticia.com.br\/noticia\/wp-json\/wp\/v2\/tags?post=1807"}],"curies":[{"name":"wp","href":"https:\/\/api.w.org\/{rel}","templated":true}]}}