{"id":180704,"date":"2019-08-17T20:14:59","date_gmt":"2019-08-17T23:14:59","guid":{"rendered":"https:\/\/www.redenoticia.com.br\/noticia\/?p=180704"},"modified":"2019-08-17T20:15:05","modified_gmt":"2019-08-17T23:15:05","slug":"resumo-novela-cumplices-de-um-resgate-19-08-laura-toma-suco-com-sonifero","status":"publish","type":"post","link":"https:\/\/migracao.redenoticia.com.br\/noticia\/2019\/resumo-novela-cumplices-de-um-resgate-19-08-laura-toma-suco-com-sonifero\/180704","title":{"rendered":"Resumo novela \u201cC\u00famplices de um Resgate\u201d 19\/08: Laura toma suco com son\u00edfero"},"content":{"rendered":"<p><img loading=\"lazy\" decoding=\"async\" class=\"aligncenter size-large wp-image-164526\" src=\"https:\/\/migracao.redenoticia.com.br\/noticia\/imagens\/cumplices-de-um-resgate-001-316x300.jpg\" alt=\"\" width=\"316\" height=\"300\" srcset=\"https:\/\/migracao.redenoticia.com.br\/noticia\/imagens\/cumplices-de-um-resgate-001-316x300.jpg 316w, https:\/\/migracao.redenoticia.com.br\/noticia\/imagens\/cumplices-de-um-resgate-001-197x187.jpg 197w, https:\/\/migracao.redenoticia.com.br\/noticia\/imagens\/cumplices-de-um-resgate-001-150x143.jpg 150w, https:\/\/migracao.redenoticia.com.br\/noticia\/imagens\/cumplices-de-um-resgate-001.jpg 526w\" sizes=\"auto, (max-width: 316px) 100vw, 316px\" \/> Resumo novela \u201cC\u00famplices de um Resgate\u201d 19\/08: no cap\u00edtulo 161(*) da novela, segunda-feira, 19 de agosto, T\u00e9o ensina Marina a ler em braile. O garoto conta que sonha em mostrar para as pessoas que pode fazer as coisas que acham que n\u00e3o \u00e9 poss\u00edvel pra ele devido a cegueira: \u201ceu queria ser livre de verdade\u201d. Omar vai at\u00e9 o ponto onde Luis vende sorvete para tentar humilhar o homem.<\/p>\n<p>Laura toma o suco com son\u00edfero que era pra Regina e acaba desmaiada. Priscila d\u00e1 em cima de Joaquin e o beija no rosto. Manuela, vestida de Isabela, chega, fica enciumada e vai embora. Joaquim vai atr\u00e1s da amada, revela que n\u00e3o sente nada por Priscila, pois gosta de outra menina. Flora chega com malas no Vilarejo dos Sonhos, onde decide ficar por algum tempo. A mulher escuta um louvor na igreja evang\u00e9lica, se comove e entra no lugar. Dinho conta para Meire que viu um homem misterioso no pr\u00e9dio atr\u00e1s de Flora. Marina, que finge se chamar Antonela, leva T\u00e9o para realizar seu sonho de subir sozinho em uma \u00e1rvore. O garoto sobe numa goiabeira.<\/p>\n<p>Giuseppe e Fiorina veem tudo de longe e gostam da bondade da mulher, embora queiram que ela recupere a mem\u00f3ria. O pastor Augusto conversa com Flora e promete que a indicar\u00e1 para a vaga de cozinheiro do haras de Omar. Rebeca derrama caf\u00e9 por acidente no preview do novo cat\u00e1logo da On-Enterprise feito por Frederico, que precisava ser aprovado por Safira. Rebeca se sente culpada e se tranca no banheiro. Frederico se preocupa com cat\u00e1logo, mas vai atr\u00e1s de sua assistente. Flora pergunta para Luis se ele conhece alguma pens\u00e3o no vilarejo. D\u00f3ris lembra o pai que possuem um quarto vago na casa deles.<\/p>\n<p>(*) edi\u00e7\u00e3o do SBT, Novela \u201cC\u00famplices de um Resgate\u201d, sujeito a altera\u00e7\u00e3o de data e conte\u00fado.<\/p>\n","protected":false},"excerpt":{"rendered":"<p>Resumo novela \u201cC\u00famplices de um Resgate\u201d 19\/08: no cap\u00edtulo 161(*) da novela, segunda-feira, 19 de agosto, T\u00e9o ensina Marina a ler em braile. O garoto conta que sonha em mostrar para as pessoas que pode fazer as coisas que acham que n\u00e3o \u00e9 poss\u00edvel pra ele devido a cegueira: \u201ceu queria ser livre de verdade\u201d. [&hellip;]<\/p>\n","protected":false},"author":2,"featured_media":164525,"comment_status":"open","ping_status":"closed","sticky":false,"template":"","format":"standard","meta":{"tdm_status":"","tdm_grid_status":"","footnotes":""},"categories":[379,372,343],"tags":[441],"class_list":{"0":"post-180704","1":"post","2":"type-post","3":"status-publish","4":"format-standard","5":"has-post-thumbnail","7":"category-novelas","8":"category-sbt","9":"category-televisao","10":"tag-resumo-do-dia"},"_links":{"self":[{"href":"https:\/\/migracao.redenoticia.com.br\/noticia\/wp-json\/wp\/v2\/posts\/180704","targetHints":{"allow":["GET"]}}],"collection":[{"href":"https:\/\/migracao.redenoticia.com.br\/noticia\/wp-json\/wp\/v2\/posts"}],"about":[{"href":"https:\/\/migracao.redenoticia.com.br\/noticia\/wp-json\/wp\/v2\/types\/post"}],"author":[{"embeddable":true,"href":"https:\/\/migracao.redenoticia.com.br\/noticia\/wp-json\/wp\/v2\/users\/2"}],"replies":[{"embeddable":true,"href":"https:\/\/migracao.redenoticia.com.br\/noticia\/wp-json\/wp\/v2\/comments?post=180704"}],"version-history":[{"count":0,"href":"https:\/\/migracao.redenoticia.com.br\/noticia\/wp-json\/wp\/v2\/posts\/180704\/revisions"}],"wp:featuredmedia":[{"embeddable":true,"href":"https:\/\/migracao.redenoticia.com.br\/noticia\/wp-json\/wp\/v2\/media\/164525"}],"wp:attachment":[{"href":"https:\/\/migracao.redenoticia.com.br\/noticia\/wp-json\/wp\/v2\/media?parent=180704"}],"wp:term":[{"taxonomy":"category","embeddable":true,"href":"https:\/\/migracao.redenoticia.com.br\/noticia\/wp-json\/wp\/v2\/categories?post=180704"},{"taxonomy":"post_tag","embeddable":true,"href":"https:\/\/migracao.redenoticia.com.br\/noticia\/wp-json\/wp\/v2\/tags?post=180704"}],"curies":[{"name":"wp","href":"https:\/\/api.w.org\/{rel}","templated":true}]}}